{"id":11972,"date":"2025-02-26T15:45:12","date_gmt":"2025-02-26T20:45:12","guid":{"rendered":"https:\/\/crrf-fcrr.ca\/?p=11972"},"modified":"2025-03-06T10:36:56","modified_gmt":"2025-03-06T15:36:56","slug":"publication-de-la-strategie-canadienne-en-matiere-de-justice-pour-les-personnes-noires","status":"publish","type":"post","link":"https:\/\/crrf-fcrr.ca\/fr\/2025\/02\/publication-de-la-strategie-canadienne-en-matiere-de-justice-pour-les-personnes-noires\/","title":{"rendered":"\u00c9tapes pour un changement transformateur: Plan de mise en \u0153uvre de la Strat\u00e9gie canadienne en mati\u00e8re de justice pour les personnes noires"},"content":{"rendered":"\n<div class=\"wp-block-columns pattern-two-column is-layout-flex wp-container-core-columns-is-layout-9d6595d7 wp-block-columns-is-layout-flex\">\n<div class=\"wp-block-column is-layout-flow wp-block-column-is-layout-flow\">\n<p>La Fondation canadienne des relations raciales (FCRR) se r\u00e9jouit de la publication d&rsquo; <a href=\"https:\/\/www.justice.gc.ca\/fra\/jp-cj\/scjn-cbjs\/ect-ttc\/index.html\" target=\"_blank\" rel=\"noreferrer noopener\"><em>\u00c9tapes pour un changement transformateur : Plan de mise en \u0153uvre de la Strat\u00e9gie canadienne en mati\u00e8re de justice pour les personnes noires<\/em><\/a>, la Strat\u00e9gie canadienne en mati\u00e8re de justice pour les personnes noires tant attendue. Ceci fait parti de la r\u00e9ponse du gouvernement f\u00e9d\u00e9ral au rapport du Groupe directeur externe <a href=\"https:\/\/www.justice.gc.ca\/fra\/jp-cj\/scjn-cbjs\/transformateur-transformative\/index.html\" target=\"_blank\" rel=\"noreferrer noopener\"><em>\u00c9tapes pour un changement transformateur : Strat\u00e9gie canadienne en mati\u00e8re de justice pour les personnes noires<\/em><\/a><em> <\/em>publi\u00e9 en juin 2024.<\/p>\n\n\n\n<p>La FCRR f\u00e9licite le Groupe directeur externe pour son travail novateur qui a permis d\u2019\u00e9laborer cette strat\u00e9gie, ainsi que les membres de la communaut\u00e9 noire et toutes les personnes qui ont \u00e9t\u00e9 consult\u00e9s et qui ont contribu\u00e9 \u00e0 son \u00e9laboration. &nbsp;<\/p>\n\n\n\n<p>La FCRR s&rsquo;est efforc\u00e9e d\u2019appuyer la strat\u00e9gie depuis que le ministre de la Justice et procureur g\u00e9n\u00e9ral du Canada s\u2019est vu confier le mandat de l\u2019\u00e9laborer en d\u00e9cembre 2021, notamment en soutenant des assembl\u00e9es publiques nationales et des discussions avec les membres du Groupe directeur externe et des groupes communautaires. \u00a0<\/p>\n\n\n\n<blockquote class=\"wp-block-quote is-layout-flow wp-block-quote-is-layout-flow\">\n<p>Nous avons h\u00e2te de voir des avanc\u00e9es \u00e0 la Strat\u00e9gie canadienne en mati\u00e8re de justice pour les personnes noires, car c&rsquo;est quelque chose que les communaut\u00e9s noires demandent depuis des ann\u00e9es et que la FCRR s&rsquo;est efforc\u00e9e de faire avancer. Cette derni\u00e8re \u00e9tape nous rapproche encore plus de la cr\u00e9ation d&rsquo;un changement significatif dans le syst\u00e8me judiciaire du Canada pour les Canadiens noirs . \u00bb &#8211; Mohammed Hashim, pr\u00e9sident-directeur g\u00e9n\u00e9ral de la Fondation canadienne des relations raciales<\/p>\n<\/blockquote>\n\n\n\n<p>Selon <a href=\"https:\/\/www.justice.gc.ca\/fra\/jp-cj\/scjn-cbjs\/fait1-fact1.html\" target=\"_blank\" rel=\"noreferrer noopener\">Statistique Canada<\/a>, les personnes noires au Canada sont deux fois plus susceptibles d&rsquo;\u00eatre accus\u00e9s d&rsquo;un crime. Ces personnes sont surrepr\u00e9sent\u00e9es dans le syst\u00e8me judiciaire canadien en raison de nombreux facteurs li\u00e9s au racisme envers les personnes noires et \u00e0 d&rsquo;autres formes de discrimination. Afin d&rsquo;aborder cette question dans une mani\u00e8re qui r\u00e9pond \u00e0 leurs r\u00e9alit\u00e9s et de leurs exp\u00e9riences, la Strat\u00e9gie a fait une consultation approfondie \u00e0 travers le pays des Canadiens noirs avec les syst\u00e8mes juridiques, en collaboration avec le Groupe directeur externe d&rsquo;experts et de leaders noirs.&nbsp;<\/p>\n\n\n\n<p>Bien qu&rsquo;il reste encore beaucoup de travail \u00e0 faire pour \u00e9radiquer le racisme&nbsp;envers les personnes noires&nbsp;dans le syst\u00e8me judiciaire, la Strat\u00e9gie canadienne en mati\u00e8re de justice pour les personnes noires est un outil important qui va guider le gouvernement du Canada, les provinces et le secteur de la justice vers cet objectif. La FCRR continuera d\u2019appuyer la strat\u00e9gie ainsi que les communaut\u00e9s noires \u00e0 travers le Canada dans la lutte contre le racisme envers les personnes noires sous toutes ses formes et s\u2019attend \u00e0 la mise en \u0153uvre du reste de la strat\u00e9gie. &nbsp;<\/p>\n<\/div>\n<\/div>\n\n\n\n<p><\/p>\n","protected":false},"excerpt":{"rendered":"<p>La Fondation canadienne des relations raciales (FCRR) se r\u00e9jouit de la publication d&rsquo; \u00c9tapes pour un changement transformateur : Plan de mise en \u0153uvre de la Strat\u00e9gie canadienne en mati\u00e8re de justice pour les personnes noires, la Strat\u00e9gie canadienne en mati\u00e8re de justice pour les personnes noires tant attendue. Ceci fait parti de la r\u00e9ponse [&hellip;]<\/p>\n","protected":false},"author":8,"featured_media":11966,"comment_status":"closed","ping_status":"closed","sticky":false,"template":"","format":"standard","meta":{"_acf_changed":false,"footnotes":""},"categories":[35],"tags":[],"class_list":["post-11972","post","type-post","status-publish","format-standard","has-post-thumbnail","hentry","category-declarations"],"acf":[],"_links":{"self":[{"href":"https:\/\/crrf-fcrr.ca\/fr\/wp-json\/wp\/v2\/posts\/11972","targetHints":{"allow":["GET"]}}],"collection":[{"href":"https:\/\/crrf-fcrr.ca\/fr\/wp-json\/wp\/v2\/posts"}],"about":[{"href":"https:\/\/crrf-fcrr.ca\/fr\/wp-json\/wp\/v2\/types\/post"}],"author":[{"embeddable":true,"href":"https:\/\/crrf-fcrr.ca\/fr\/wp-json\/wp\/v2\/users\/8"}],"replies":[{"embeddable":true,"href":"https:\/\/crrf-fcrr.ca\/fr\/wp-json\/wp\/v2\/comments?post=11972"}],"version-history":[{"count":4,"href":"https:\/\/crrf-fcrr.ca\/fr\/wp-json\/wp\/v2\/posts\/11972\/revisions"}],"predecessor-version":[{"id":12083,"href":"https:\/\/crrf-fcrr.ca\/fr\/wp-json\/wp\/v2\/posts\/11972\/revisions\/12083"}],"wp:featuredmedia":[{"embeddable":true,"href":"https:\/\/crrf-fcrr.ca\/fr\/wp-json\/wp\/v2\/media\/11966"}],"wp:attachment":[{"href":"https:\/\/crrf-fcrr.ca\/fr\/wp-json\/wp\/v2\/media?parent=11972"}],"wp:term":[{"taxonomy":"category","embeddable":true,"href":"https:\/\/crrf-fcrr.ca\/fr\/wp-json\/wp\/v2\/categories?post=11972"},{"taxonomy":"post_tag","embeddable":true,"href":"https:\/\/crrf-fcrr.ca\/fr\/wp-json\/wp\/v2\/tags?post=11972"}],"curies":[{"name":"wp","href":"https:\/\/api.w.org\/{rel}","templated":true}]}}