{"id":13422,"date":"2025-07-01T09:23:21","date_gmt":"2025-07-01T13:23:21","guid":{"rendered":"https:\/\/crrf-fcrr.ca\/?p=13422"},"modified":"2025-07-01T09:21:49","modified_gmt":"2025-07-01T13:21:49","slug":"declaration-fete-canada","status":"publish","type":"post","link":"https:\/\/crrf-fcrr.ca\/fr\/2025\/07\/declaration-fete-canada\/","title":{"rendered":"Respecter la v\u00e9rit\u00e9 et investir dans notre appartenance\u00a0\u00a0"},"content":{"rendered":"\n<div class=\"wp-block-columns pattern-two-column is-layout-flex wp-container-core-columns-is-layout-9d6595d7 wp-block-columns-is-layout-flex\">\n<div class=\"wp-block-column pattern-two-column__title is-layout-flow wp-block-column-is-layout-flow\">\n<h2 class=\"wp-block-heading\"><\/h2>\n<\/div>\n\n\n\n<div class=\"wp-block-column pattern-two-column__content is-layout-flow wp-block-column-is-layout-flow\">\n<p>Nous soulignons la f\u00eate du Canada en prenant le temps de rendre hommage aux persones de ce pays, \u00e0 leur force, \u00e0 leur diversit\u00e9 et \u00e0 leur r\u00e9silience, et nous en profitons pour nous pencher sur notre histoire commune, y compris les dures v\u00e9rit\u00e9s qui sont toujours d\u2019actualit\u00e9.\u00a0<\/p>\n\n\n\n<p>Le Canada est un pays qui s\u2019est b\u00e2ti sur les trait\u00e9s, la migration, et sur un d\u00e9sir commun de construire un avenir meilleur. Au fil des g\u00e9n\u00e9rations, beaucoup ont \u00e9tabli leurs communaut\u00e9s, partag\u00e9 leur v\u00e9cu et ont form\u00e9 un m\u00e9lange solide et unique de cultures diff\u00e9rentes.&nbsp;&nbsp;<\/p>\n\n\n\n<p>Le Canada est aussi un pays qui s\u2019est construit sur la colonisation et le d\u00e9placement des peuples autochtones. Ces s\u00e9quelles douloureuses se traduisent encore aujourd\u2019hui par des in\u00e9galit\u00e9s structurelles persistantes, des traumatismes interg\u00e9n\u00e9rationnels et des d\u00e9nis de droits.&nbsp;<\/p>\n\n\n\n<p>Mais le Canada poss\u00e8de la capacit\u00e9 de grandir, d\u2019apprendre de ses erreurs et d\u2019unir ses gens pour faire changer les choses. Les communaut\u00e9s autochtones sont porteuses de ce changement en redonnant vie \u00e0 leurs langues, en prot\u00e9geant leurs terres et leurs cultures, et en nous invitant \u00e0 b\u00e2tir ensemble un avenir honn\u00eate et respectueux. Ces efforts sont au c\u0153ur du processus de r\u00e9conciliation et illustrent le meilleur de ce qu\u2019on est en tant que pays. &nbsp;<\/p>\n\n\n\n<p>En tant que soci\u00e9t\u00e9 d\u2019\u00c9tat dont l\u2019objectif est de lutter contre le racisme syst\u00e9mique au Canada, il nous apparait essentiel de fonder nos valeurs et nos politiques sur l\u2019\u00e9quit\u00e9 et la r\u00e9conciliation afin que tous aient un acc\u00e8s \u00e9quitable au logement, \u00e0 l\u2019emploi, \u00e0 l\u2019\u00e9ducation et \u00e0 des chances, en particulier les communaut\u00e9s qui ont longtemps \u00e9t\u00e9 exclues.&nbsp;<\/p>\n\n\n\n<p>Cette ann\u00e9e, la f\u00eate du Canada se d\u00e9roulera en p\u00e9riode d\u2019incertitude. Ailleurs dans le monde, beaucoup sont confront\u00e9s \u00e0 la guerre, aux difficult\u00e9s \u00e9conomiques et \u00e0 une haine croissante, et les personnes aux Canada en ressentent les r\u00e9percussions. En p\u00e9riode difficile, il est plus important que jamais d\u2019unir nos forces pour b\u00e2tir un pays juste et \u00e9quitable.&nbsp;<\/p>\n\n\n\n<p>En misant sur des syst\u00e8mes plus inclusifs, nous pr\u00e9parons un avenir o\u00f9 personne ne sera laiss\u00e9 pour compte. Un avenir solide et durable sur ce territoire d\u00e9pend de la pleine inclusion de tous ceux qui y habitent, du fait que tout le monde peut se faire entendre et porte un int\u00e9r\u00eat important pour tout ce que nous b\u00e2tissons ensemble.&nbsp;&nbsp;&nbsp;<\/p>\n\n\n\n<p>C\u2019est le jour id\u00e9al aujourd\u2019hui de respecter la v\u00e9rit\u00e9 et lui rendre hommage en investissant dans notre sentiment d\u2019appartenance pour chaque personne et chaque communaut\u00e9 \u00e0 travers ce territoire.&nbsp;<\/p>\n\n\n\n<p>Pour en savoir plus sur notre travail ou pour suivre nos programmes et initiatives, abonnez-vous \u00e0 notre&nbsp;<a href=\"https:\/\/crrf-fcrr.us3.list-manage.com\/subscribe?u=6b405dbf9952e5a74b1f72fa9&amp;id=297b4ef6a2\" target=\"_blank\" rel=\"noreferrer noopener\"><strong>infolettre<\/strong><\/a>. Vous pouvez \u00e9galement nous suivre sur <a href=\"https:\/\/ca.linkedin.com\/company\/crrf-fcrr\" target=\"_blank\" rel=\"noreferrer noopener\"><strong>LinkedIn<\/strong><\/a>, <a href=\"https:\/\/www.instagram.com\/crrf_fcrr\/\" target=\"_blank\" rel=\"noreferrer noopener\"><strong>Instagram <\/strong><\/a>et <a href=\"https:\/\/www.facebook.com\/FCRRCRRF\/\" target=\"_blank\" rel=\"noreferrer noopener\"><strong>Facebook<\/strong><\/a>.&nbsp;<\/p>\n<\/div>\n<\/div>\n\n\n\n<p><\/p>\n","protected":false},"excerpt":{"rendered":"<p>Nous soulignons la f\u00eate du Canada en prenant le temps de rendre hommage aux persones de ce pays, \u00e0 leur force, \u00e0 leur diversit\u00e9 et \u00e0 leur r\u00e9silience, et nous en profitons pour nous pencher sur notre histoire commune, y compris les dures v\u00e9rit\u00e9s qui sont toujours d\u2019actualit\u00e9.\u00a0 Le Canada est un pays qui s\u2019est [&hellip;]<\/p>\n","protected":false},"author":8,"featured_media":13428,"comment_status":"closed","ping_status":"closed","sticky":false,"template":"","format":"standard","meta":{"_acf_changed":false,"footnotes":""},"categories":[35],"tags":[],"class_list":["post-13422","post","type-post","status-publish","format-standard","has-post-thumbnail","hentry","category-declarations"],"acf":[],"_links":{"self":[{"href":"https:\/\/crrf-fcrr.ca\/fr\/wp-json\/wp\/v2\/posts\/13422","targetHints":{"allow":["GET"]}}],"collection":[{"href":"https:\/\/crrf-fcrr.ca\/fr\/wp-json\/wp\/v2\/posts"}],"about":[{"href":"https:\/\/crrf-fcrr.ca\/fr\/wp-json\/wp\/v2\/types\/post"}],"author":[{"embeddable":true,"href":"https:\/\/crrf-fcrr.ca\/fr\/wp-json\/wp\/v2\/users\/8"}],"replies":[{"embeddable":true,"href":"https:\/\/crrf-fcrr.ca\/fr\/wp-json\/wp\/v2\/comments?post=13422"}],"version-history":[{"count":3,"href":"https:\/\/crrf-fcrr.ca\/fr\/wp-json\/wp\/v2\/posts\/13422\/revisions"}],"predecessor-version":[{"id":13431,"href":"https:\/\/crrf-fcrr.ca\/fr\/wp-json\/wp\/v2\/posts\/13422\/revisions\/13431"}],"wp:featuredmedia":[{"embeddable":true,"href":"https:\/\/crrf-fcrr.ca\/fr\/wp-json\/wp\/v2\/media\/13428"}],"wp:attachment":[{"href":"https:\/\/crrf-fcrr.ca\/fr\/wp-json\/wp\/v2\/media?parent=13422"}],"wp:term":[{"taxonomy":"category","embeddable":true,"href":"https:\/\/crrf-fcrr.ca\/fr\/wp-json\/wp\/v2\/categories?post=13422"},{"taxonomy":"post_tag","embeddable":true,"href":"https:\/\/crrf-fcrr.ca\/fr\/wp-json\/wp\/v2\/tags?post=13422"}],"curies":[{"name":"wp","href":"https:\/\/api.w.org\/{rel}","templated":true}]}}