{"id":13599,"date":"2025-08-01T10:00:13","date_gmt":"2025-08-01T14:00:13","guid":{"rendered":"https:\/\/crrf-fcrr.ca\/?p=13599"},"modified":"2025-08-01T10:00:17","modified_gmt":"2025-08-01T14:00:17","slug":"declaration-jour-emancipation","status":"publish","type":"post","link":"https:\/\/crrf-fcrr.ca\/fr\/2025\/08\/declaration-jour-emancipation\/","title":{"rendered":"Jour de l\u2019\u00e9mancipation 2025: Vers la justice et des futurs meilleurs"},"content":{"rendered":"\n<div class=\"wp-block-columns pattern-two-column is-layout-flex wp-container-core-columns-is-layout-9d6595d7 wp-block-columns-is-layout-flex\">\n<div class=\"wp-block-column pattern-two-column__title is-layout-flow wp-block-column-is-layout-flow\">\n<h2 class=\"wp-block-heading\"><\/h2>\n<\/div>\n\n\n\n<div class=\"wp-block-column pattern-two-column__content is-layout-flow wp-block-column-is-layout-flow\">\n<p class=\"has-h-5-font-size\"><em>Photo: Moses Brantford Jr. qui dirige un d\u00e9fil\u00e9 du Jour de l\u2019\u00e9mancipation sur la rue Dalhousie, Amherstburg, Ontario, [vers 1894]\u00a0<br>Fonds Alvin D. McCurdy\u00a0<br>Archives de l\u2019Ontario, I0027817\u00a0<\/em><\/p>\n\n\n\n<p>\u00c0 l\u2019occasion du Jour de l\u2019\u00e9mancipation, nous nous joignons \u00e0 des personnes partout au pays pour r\u00e9fl\u00e9chir \u00e0 l\u2019h\u00e9ritage raciste de l\u2019ancien r\u00e9gime colonial \u00e9tabli sur ce territoire, ainsi qu\u2019au travail en cours pour construire un avenir plus juste et \u00e9quitable pour toutes les communaut\u00e9s du Canada.&nbsp;<\/p>\n\n\n\n<blockquote class=\"wp-block-quote is-layout-flow wp-block-quote-is-layout-flow\">\n<p>Le Jour de l\u2019\u00e9mancipation est l\u2019occasion d\u2019honorer la force et la r\u00e9silience des personnes qui ont subi l\u2019esclavage au Canada dont des loyalistes noirs, des Marrons de Jama\u00efque, des r\u00e9fugi\u00e9s de la guerre de 1812 en Nouvelle-\u00c9cosse et toutes les autres personnes \u00e0 travers notre pays dont l\u2019histoire a tent\u00e9 d\u2019effacer les noms. Leur lutte pour la libert\u00e9 a fa\u00e7onn\u00e9 notre nation. Leur h\u00e9ritage nous appelle \u00e0 s\u2019en souvenir et de veiller \u00e0 ce que leur histoire ne soit pas oubli\u00e9e.\u2009\u00bb &#8211; Russell Grosse, chef de la direction, Black Cultural Centre for Nova Scotia (Centre culturelle noire de la Nouvelle-\u00c9cosse).\u00a0<\/p>\n<\/blockquote>\n\n\n\n<p>Beaucoup ignorent que l\u2019esclavage existait au d\u00e9but de l\u2019\u00e9poque coloniale du Canada. Du 17<sup>e<\/sup>\u00a0au 19<sup>e<\/sup> si\u00e8cle, il y avait plus de 4\u00a0000 esclaves d&rsquo;origine africaine dans les colonies britanniques et fran\u00e7aises qui sont devenues le Qu\u00e9bec, l&rsquo;Ontario, la Nouvelle-\u00c9cosse, l&rsquo;\u00cele-du-Prince-\u00c9douard et le Nouveau-Brunswick. Plus de 2 500\u00a0personnes autochtones ont \u00e9galement \u00e9t\u00e9 r\u00e9duits en esclavage sur ces terres. L\u2019abolition l\u00e9gale de l\u2019esclavage dans l\u2019Empire britannique le 1<sup>er<\/sup> ao\u00fbt 1834 r\u00e9sulte de la r\u00e9sistance et du travail de ces personnes, comme <a href=\"https:\/\/www.thecanadianencyclopedia.ca\/fr\/article\/chloe-cooley-et-la-loi-visant-a-restreindre-lesclavage-dans-le-haut-canada\" target=\"_blank\" rel=\"noreferrer noopener\">Chloe Cooley<\/a> dans la r\u00e9gion de Niagara et \u00ab<a href=\"https:\/\/byblacks.com\/the-experts\/legal\/item\/3169-emancipation-day-how-did-canadian-courts-help-to-phase-out-slavery\" target=\"_blank\" rel=\"noreferrer noopener\">\u2009Charlotte\u2009<\/a>\u00bb \u00e0 Montr\u00e9al.\u00a0<\/p>\n\n\n\n<p>C\u2019est en 2021 que le Jour de l\u2019\u00e9mancipation a \u00e9t\u00e9 officiellement reconnu par le Parlement du Canada. Au cours des derni\u00e8res ann\u00e9es, le public a continu\u00e9 \u00e0 s\u2019interroger pour reconna\u00eetre que l\u2019impact de ces faits historiques, y compris le racisme envers les personnes noires, le racisme envers les personnes autochtones et les in\u00e9galit\u00e9s structurelles continuent d\u2019impr\u00e9gner les institutions actuelles et notre mode de vie au Canada. Les communaut\u00e9s noires et autochtones se heurtent toujours \u00e0 des obstacles consid\u00e9rables dans le syst\u00e8me d\u2019\u00e9ducation, le syst\u00e8me juridique, en mati\u00e8re de soins de sant\u00e9 et d\u2019acc\u00e8s au logement. Elles sont \u00e9galement confront\u00e9es \u00e0 des taux disproportionn\u00e9s d\u2019incarc\u00e9ration, de surveillance et de profilage racial. Ces faits r\u00e9sultent des syst\u00e8mes qui n\u00e9cessitent des changements urgents et durables. La FCRR continue de jouer un r\u00f4le important dans l\u2019\u00e9volution de ces changements au Canada. \u00a0<\/p>\n\n\n\n<p>Au cours des derniers mois, la <a href=\"https:\/\/www.justice.gc.ca\/fra\/jp-cj\/scjn-cbjs\/index.html\">Strat\u00e9gie canadienne en mati\u00e8re de justice pour les personnes noires<\/a> et le <a href=\"https:\/\/www.canada.ca\/fr\/patrimoine-canadien\/services\/lutter-contre-haine\/plan-action.html\">Plan d\u2019action canadien de lutte contre la haine<\/a>, que la FCRR a contribu\u00e9 \u00e0 fa\u00e7onner, ont constitu\u00e9 deux pas importants dans cette direction. La premi\u00e8re <a href=\"https:\/\/www.justice.gc.ca\/fra\/sjc-csj\/dja-ijr\/sja-ijs\/index.html\">Strat\u00e9gie en mati\u00e8re de justice autochtone<\/a> est une autre \u00e9tape importante. En r\u00e9ponse \u00e0 sa recommandation d\u2019am\u00e9liorer l\u2019acc\u00e8s \u00e0 des services de police culturellement adapt\u00e9s, notre \u00e9v\u00e9nement r\u00e9cent <a href=\"https:\/\/crrf-fcrr.ca\/fr\/trouver-terrain-entente-serie-rencontres-nationales\/\" target=\"_blank\" rel=\"noreferrer noopener\">Trouver un terrain d\u2019entente<\/a> a r\u00e9uni des dirigeants des Premi\u00e8res Nations et des experts en politiques pour discuter de strat\u00e9gies, de ressources et d\u2019investissements pour des services de police dirig\u00e9s par les Premi\u00e8res Nations et un meilleur acc\u00e8s \u00e0 la justice.\u00a0<\/p>\n\n\n\n<p>\u00c0 l\u2019\u00e9chelle communautaire, notre <a href=\"https:\/\/crrf-fcrr.ca\/fr\/bourses-actuelles\/\">Fonds national de lutte contre le racisme<\/a> soutient des centaines d\u2019initiatives partout au pays pour donner force aux voix des communaut\u00e9s noires et autochtones dont le <a href=\"https:\/\/events.collegesinstitutes.ca\/NIES2024\/fr\/\" target=\"_blank\" rel=\"noreferrer noopener\">Colloque national sur l\u2019\u00e9ducation autochtone<\/a> et le <a href=\"https:\/\/www.sommetdynastie.com\/\" target=\"_blank\" rel=\"noreferrer noopener\">Sommet Dynastie<\/a> qui se sont d\u00e9roul\u00e9s plus t\u00f4t cette ann\u00e9e. Parmi ceux \u00e0 venir, mentionnons <a href=\"https:\/\/www.facebook.com\/p\/Battle-of-the-Arts-NB-100064261616232\/\" target=\"_blank\" rel=\"noreferrer noopener\">Battle of the Arts NB \u2013 NB Afro Fest<\/a> et le <a href=\"https:\/\/tpaff.com\/\" target=\"_blank\" rel=\"noreferrer noopener\">Toronto Pan Afrikan Film Festival<\/a> (le Festival panafricain du film de Toronto) .\u00a0<\/p>\n\n\n\n<p>Il reste beaucoup de chemin \u00e0 parcourir, mais nous progressons gr\u00e2ce aux g\u00e9n\u00e9rations pr\u00e9c\u00e9dentes qui ont r\u00e9sist\u00e9 et qui ont enracin\u00e9 en nous leur vision et leurs efforts collectifs. Le Jour de l\u2019\u00e9mancipation est l\u2019occasion de se souvenir de leurs r\u00e9alisations et de s\u2019inspirer de leur pers\u00e9v\u00e9rance pour faire avancer le travail toujours en cours. &nbsp;<\/p>\n<\/div>\n<\/div>\n","protected":false},"excerpt":{"rendered":"<p>Photo: Moses Brantford Jr. qui dirige un d\u00e9fil\u00e9 du Jour de l\u2019\u00e9mancipation sur la rue Dalhousie, Amherstburg, Ontario, [vers 1894]\u00a0Fonds Alvin D. McCurdy\u00a0Archives de l\u2019Ontario, I0027817\u00a0 \u00c0 l\u2019occasion du Jour de l\u2019\u00e9mancipation, nous nous joignons \u00e0 des personnes partout au pays pour r\u00e9fl\u00e9chir \u00e0 l\u2019h\u00e9ritage raciste de l\u2019ancien r\u00e9gime colonial \u00e9tabli sur ce territoire, ainsi [&hellip;]<\/p>\n","protected":false},"author":8,"featured_media":13594,"comment_status":"closed","ping_status":"closed","sticky":false,"template":"","format":"standard","meta":{"_acf_changed":false,"footnotes":""},"categories":[35],"tags":[],"class_list":["post-13599","post","type-post","status-publish","format-standard","has-post-thumbnail","hentry","category-declarations"],"acf":[],"_links":{"self":[{"href":"https:\/\/crrf-fcrr.ca\/fr\/wp-json\/wp\/v2\/posts\/13599","targetHints":{"allow":["GET"]}}],"collection":[{"href":"https:\/\/crrf-fcrr.ca\/fr\/wp-json\/wp\/v2\/posts"}],"about":[{"href":"https:\/\/crrf-fcrr.ca\/fr\/wp-json\/wp\/v2\/types\/post"}],"author":[{"embeddable":true,"href":"https:\/\/crrf-fcrr.ca\/fr\/wp-json\/wp\/v2\/users\/8"}],"replies":[{"embeddable":true,"href":"https:\/\/crrf-fcrr.ca\/fr\/wp-json\/wp\/v2\/comments?post=13599"}],"version-history":[{"count":5,"href":"https:\/\/crrf-fcrr.ca\/fr\/wp-json\/wp\/v2\/posts\/13599\/revisions"}],"predecessor-version":[{"id":13607,"href":"https:\/\/crrf-fcrr.ca\/fr\/wp-json\/wp\/v2\/posts\/13599\/revisions\/13607"}],"wp:featuredmedia":[{"embeddable":true,"href":"https:\/\/crrf-fcrr.ca\/fr\/wp-json\/wp\/v2\/media\/13594"}],"wp:attachment":[{"href":"https:\/\/crrf-fcrr.ca\/fr\/wp-json\/wp\/v2\/media?parent=13599"}],"wp:term":[{"taxonomy":"category","embeddable":true,"href":"https:\/\/crrf-fcrr.ca\/fr\/wp-json\/wp\/v2\/categories?post=13599"},{"taxonomy":"post_tag","embeddable":true,"href":"https:\/\/crrf-fcrr.ca\/fr\/wp-json\/wp\/v2\/tags?post=13599"}],"curies":[{"name":"wp","href":"https:\/\/api.w.org\/{rel}","templated":true}]}}