{"id":13895,"date":"2025-10-01T12:14:47","date_gmt":"2025-10-01T16:14:47","guid":{"rendered":"https:\/\/crrf-fcrr.ca\/?p=13895"},"modified":"2025-10-01T12:23:53","modified_gmt":"2025-10-01T16:23:53","slug":"mois-canadien-histoire-islamique","status":"publish","type":"post","link":"https:\/\/crrf-fcrr.ca\/fr\/2025\/10\/mois-canadien-histoire-islamique\/","title":{"rendered":"Histoire partag\u00e9e, avenir commun : C\u00e9l\u00e9bration du Mois canadien de l\u2019histoire islamique 2025\u00a0\u00a0"},"content":{"rendered":"\n<div class=\"wp-block-columns is-layout-flex wp-container-core-columns-is-layout-9d6595d7 wp-block-columns-is-layout-flex\">\n<div class=\"wp-block-column is-layout-flow wp-block-column-is-layout-flow\"><\/div>\n\n\n\n<div class=\"wp-block-column is-layout-flow wp-block-column-is-layout-flow\">\n<p>Le Mois canadien de l\u2019histoire islamique rend hommage aux diverses contributions des communaut\u00e9s musulmanes au Canada, de la m\u00e9decine et de l\u2019entrepreneuriat \u00e0 l\u2019\u00e9ducation, \u00e0 l\u2019art et \u00e0 la vie civique. Il c\u00e9l\u00e8bre les liens profond\u00e9ment enracin\u00e9s, l\u2019histoire commune et le r\u00f4le continu des personnes musulmanes canadiennes dans l\u2019\u00e9dification d\u2019un pays plus inclusif et compatissant.&nbsp;<\/p>\n\n\n\n<p>Malgr\u00e9 la r\u00e9cente mont\u00e9e de l\u2019islamophobie au Canada, il y a encore beaucoup \u00e0 c\u00e9l\u00e9brer. Le <a href=\"https:\/\/crrf-fcrr.ca\/fr\/recherche-rapport\/relations-raciales-canada-2024\/\" target=\"_blank\" rel=\"noreferrer noopener\">sondage national<\/a> de cette ann\u00e9e sur les relations raciales au Canada a r\u00e9v\u00e9l\u00e9 que la majorit\u00e9 des musulmanes et des musulmans demeurent optimistes quant \u00e0 l\u2019\u00e9galit\u00e9 raciale future au pays. Cet optimisme transpara\u00eet dans les nombreuses fa\u00e7ons dont les personnes musulmanes font une diff\u00e9rence, dirigent des entreprises, excellent dans l\u2019\u00e9ducation, contribuent aux soins de sant\u00e9, aux arts et \u00e0 la fonction publique, et b\u00e2tissent des communaut\u00e9s plus fortes partout au Canada.\u00a0\u00a0<\/p>\n\n\n\n<p>Les jeunes musulmans et musulmanes du Canada m\u00e8nent cette charge, et tout au long du mois d\u2019octobre, la campagne \u00ab\u202f<a href=\"https:\/\/www.canada.ca\/fr\/patrimoine-canadien\/campagnes\/lutte-contre-islamophobie-canada\/medias\/mois-canadien-histoire-islamique-2025.html\" target=\"_blank\" rel=\"noreferrer noopener\">Ensemble pour le Canada<\/a>\u202f\u00bb du Bureau de la repr\u00e9sentante sp\u00e9ciale du Canada charg\u00e9e de la lutte contre l&rsquo;islamophobie, montrera comment ils s\u2019y prennent. La campagne vid\u00e9o offre de nouvelles perspectives qui brisent les st\u00e9r\u00e9otypes, illustrent nos luttes et nos r\u00eaves communs et invitent de nouvelles connexions dans toutes nos communaut\u00e9s.\u00a0<\/p>\n\n\n\n<p>Plus t\u00f4t cette ann\u00e9e, le Bureau a \u00e9galement publi\u00e9 le <a href=\"https:\/\/www.canada.ca\/fr\/patrimoine-canadien\/campagnes\/lutte-contre-islamophobie-canada\/ressources\/guide-combattre-islamophobie.html\" target=\"_blank\" rel=\"noreferrer noopener\">Guide canadien pour comprendre et combattre l\u2019islamophobie : Pour un Canada plus inclusif<\/a>. Le guide d\u00e9voile les mythes et les st\u00e9r\u00e9otypes qui peuvent mener \u00e0 la discrimination et \u00e0 la haine, montre comment l\u2019islamophobie affecte diverses communaut\u00e9s partout au pays et comment les individus et les organismes peuvent travailler pour la combattre.\u00a0\u00a0<\/p>\n\n\n\n<blockquote class=\"wp-block-quote is-layout-flow wp-block-quote-is-layout-flow\">\n<p>\u00ab Pour combattre l\u2019islamophobie, il faut que tous les ordres de gouvernement, le secteur priv\u00e9, les m\u00e9dias, les institutions publiques, y compris les \u00e9coles et les universit\u00e9s, les organismes de la soci\u00e9t\u00e9 civile et les Canadiens et les Canadiennes ordinaires prennent des mesures. Ensemble, nous pouvons agir pour faire en sorte que les musulmanes et les musulmans canadiens puissent vivre dans la dignit\u00e9 et le respect, \u00e0 l\u2019abri du harc\u00e8lement et de la discrimination.\u202f\u00bb \u2013 Amira Elghawaby, repr\u00e9sentante sp\u00e9ciale du Canada charg\u00e9e de la lutte contre l\u2019islamophobie<\/p>\n<\/blockquote>\n\n\n\n<p>La Fondation canadienne des relations raciales s\u2019est engag\u00e9e \u00e0 soutenir les communaut\u00e9s musulmanes pour b\u00e2tir un avenir d\u2019appartenance, de s\u00e9curit\u00e9 et de c\u00e9l\u00e9bration de la diversit\u00e9 au Canada, \u00e0 partir d\u2019\u00e9v\u00e9nements comme le sommet B\u00e2tir la compr\u00e9hension\u202f: Combattre l\u2019islamophobie<em>, <\/em>offert par la <a href=\"https:\/\/www.ncmsw.org\/\" target=\"_blank\" rel=\"noreferrer noopener\">Nigerian Canadian Muslim Society of Windsor<\/a>, le Sommet de la jeunesse contre le racisme 2025, organis\u00e9 par <a href=\"https:\/\/healthymuslimfamilies.ca\/youth-summit\/\" target=\"_blank\" rel=\"noreferrer noopener\">Healthy Muslim Families<\/a>, ou encore le Sommet impacts de l\u2019islamophobie sur les musulmans qui vivent avec des handicaps, offert par <a href=\"https:\/\/www.smilecan.org\/event\/impacts-of-islamophobia-on-muslims-with-disabilities\" target=\"_blank\" rel=\"noreferrer noopener\">SMILE Canada Support Services<\/a>, qui aura lieu le 22 octobre 2025.\u00a0<\/p>\n\n\n\n<p>Alors que nous c\u00e9l\u00e9brons les contributions des personnes musulmanes au Canada ce mois-ci, nous sommes heureux de continuer \u00e0 b\u00e2tir un Canada fa\u00e7onn\u00e9 par un objectif commun, le respect mutuel et la force de notre diversit\u00e9 collective.&nbsp;<\/p>\n<\/div>\n<\/div>\n","protected":false},"excerpt":{"rendered":"<p>Le Mois canadien de l\u2019histoire islamique rend hommage aux diverses contributions des communaut\u00e9s musulmanes au Canada, de la m\u00e9decine et de l\u2019entrepreneuriat \u00e0 l\u2019\u00e9ducation, \u00e0 l\u2019art et \u00e0 la vie civique. Il c\u00e9l\u00e8bre les liens profond\u00e9ment enracin\u00e9s, l\u2019histoire commune et le r\u00f4le continu des personnes musulmanes canadiennes dans l\u2019\u00e9dification d\u2019un pays plus inclusif et compatissant.&nbsp; [&hellip;]<\/p>\n","protected":false},"author":8,"featured_media":13914,"comment_status":"closed","ping_status":"closed","sticky":false,"template":"","format":"standard","meta":{"_acf_changed":false,"footnotes":""},"categories":[35],"tags":[],"class_list":["post-13895","post","type-post","status-publish","format-standard","has-post-thumbnail","hentry","category-declarations"],"acf":[],"_links":{"self":[{"href":"https:\/\/crrf-fcrr.ca\/fr\/wp-json\/wp\/v2\/posts\/13895","targetHints":{"allow":["GET"]}}],"collection":[{"href":"https:\/\/crrf-fcrr.ca\/fr\/wp-json\/wp\/v2\/posts"}],"about":[{"href":"https:\/\/crrf-fcrr.ca\/fr\/wp-json\/wp\/v2\/types\/post"}],"author":[{"embeddable":true,"href":"https:\/\/crrf-fcrr.ca\/fr\/wp-json\/wp\/v2\/users\/8"}],"replies":[{"embeddable":true,"href":"https:\/\/crrf-fcrr.ca\/fr\/wp-json\/wp\/v2\/comments?post=13895"}],"version-history":[{"count":5,"href":"https:\/\/crrf-fcrr.ca\/fr\/wp-json\/wp\/v2\/posts\/13895\/revisions"}],"predecessor-version":[{"id":13928,"href":"https:\/\/crrf-fcrr.ca\/fr\/wp-json\/wp\/v2\/posts\/13895\/revisions\/13928"}],"wp:featuredmedia":[{"embeddable":true,"href":"https:\/\/crrf-fcrr.ca\/fr\/wp-json\/wp\/v2\/media\/13914"}],"wp:attachment":[{"href":"https:\/\/crrf-fcrr.ca\/fr\/wp-json\/wp\/v2\/media?parent=13895"}],"wp:term":[{"taxonomy":"category","embeddable":true,"href":"https:\/\/crrf-fcrr.ca\/fr\/wp-json\/wp\/v2\/categories?post=13895"},{"taxonomy":"post_tag","embeddable":true,"href":"https:\/\/crrf-fcrr.ca\/fr\/wp-json\/wp\/v2\/tags?post=13895"}],"curies":[{"name":"wp","href":"https:\/\/api.w.org\/{rel}","templated":true}]}}