{"id":13953,"date":"2025-10-02T15:50:56","date_gmt":"2025-10-02T19:50:56","guid":{"rendered":"https:\/\/crrf-fcrr.ca\/?p=13953"},"modified":"2025-10-02T15:59:08","modified_gmt":"2025-10-02T19:59:08","slug":"mohammed-hashim-renouvellement-mandat","status":"publish","type":"post","link":"https:\/\/crrf-fcrr.ca\/fr\/2025\/10\/mohammed-hashim-renouvellement-mandat\/","title":{"rendered":"Mohammed Hashim est reconduit dans ses fonctions de PDG et directeur ex\u00e9cutif de la Fondation canadienne des relations raciales"},"content":{"rendered":"\n<div class=\"wp-block-columns pattern-two-column is-layout-flex wp-container-core-columns-is-layout-9d6595d7 wp-block-columns-is-layout-flex\">\n<div class=\"wp-block-column pattern-two-column__title is-layout-flow wp-block-column-is-layout-flow\">\n<h2 class=\"wp-block-heading\"><\/h2>\n<\/div>\n\n\n\n<div class=\"wp-block-column pattern-two-column__content is-layout-flow wp-block-column-is-layout-flow\">\n<p>La Fondation canadienne des relations raciales est heureuse d&rsquo;annoncer le renouvellement du mandat de Mohammed Hashim \u00e0 titre de PDG et directeur g\u00e9n\u00e9ral, pour une p\u00e9riode de cinq ans \u00e0 compter du 13 octobre 2025, tel qu&rsquo;annonc\u00e9 par l&rsquo;honorable Steven Guilbeault, ministre du Patrimoine canadien.<\/p>\n\n\n\n<blockquote class=\"wp-block-quote is-layout-flow wp-block-quote-is-layout-flow\">\n<p>\u00ab Mes coll\u00e8gues du conseil d&rsquo;administration de la Fondation canadienne des relations raciales se joignent \u00e0 moi afin de f\u00e9liciter Mohammed Hashim pour le renouvellement de son mandat \u00e0 titre de PDG et directeur g\u00e9n\u00e9ral de la FCRR. Nous sommes ravis de pouvoir continuer \u00e0 b\u00e9n\u00e9ficier du leadership solide de Mohammed alors que nous nous effor\u00e7ons de faire avancer notre travail important visant \u00e0 cr\u00e9er des solutions syst\u00e9miques et \u00e0 faire progresser les politiques publiques en mati\u00e8re de lutte contre le racisme en soutenant les organismes \u00e0 travers le Canada dans leur combat contre le racisme et en cr\u00e9ant des occasions de dialogue constructif. \u00bb<\/p>\n\n\n\n<p><strong>&#8211; Teresa Woo-Paw, pr\u00e9sidente, Fondation canadienne des relations raciales<\/strong><\/p>\n<\/blockquote>\n\n\n\n<blockquote class=\"wp-block-quote is-layout-flow wp-block-quote-is-layout-flow\">\n<p>\u00ab Je tiens \u00e0 exprimer ma sinc\u00e8re gratitude \u00e0 tous ceux et celles qui ont travaill\u00e9 \u00e0 mes c\u00f4t\u00e9s dans cette aventure, notamment le personnel et le conseil d&rsquo;administration de la FCRR, nos partenaires communautaires et collaborateurs \u00e0 travers le pays, ainsi que le gouvernement du Canada. Je suis entousiaste de continuer \u00e0 travailler ensemble pour cr\u00e9er un changement syst\u00e9mique significatif dans la lutte contre le racisme syst\u00e9mique et la haine au Canada. \u00bb <\/p>\n\n\n\n<p><strong>\u2013 Mohammed Hashim, PDG et directeur g\u00e9n\u00e9ral, Fondation canadienne des relations raciales<\/strong><\/p>\n<\/blockquote>\n\n\n\n<p><strong>\u00c0 propos de la Fondation canadienne des relations raciales<\/strong><\/p>\n\n\n\n<p>La Fondation canadienne des relations raciales (FCRR) est une soci\u00e9t\u00e9 d&rsquo;\u00c9tat f\u00e9d\u00e9rale qui a pour mandat de sensibiliser le public aux causes et aux manifestations du racisme au Canada. Nous travaillons \u00e0 renforcer le tissu social de notre soci\u00e9t\u00e9 en soutenant, en habilitant et en r\u00e9unissant des groupes et des organismes communautaires gr\u00e2ce \u00e0 nos subventions, \u00e0 nos services et \u00e0 notre r\u00e9seau de partenaires publics, communautaires et de recherche.<\/p>\n<\/div>\n<\/div>\n","protected":false},"excerpt":{"rendered":"<p>La Fondation canadienne des relations raciales est heureuse d&rsquo;annoncer le renouvellement du mandat de Mohammed Hashim \u00e0 titre de PDG et directeur g\u00e9n\u00e9ral, pour une p\u00e9riode de cinq ans \u00e0 compter du 13 octobre 2025, tel qu&rsquo;annonc\u00e9 par l&rsquo;honorable Steven Guilbeault, ministre du Patrimoine canadien. \u00ab Mes coll\u00e8gues du conseil d&rsquo;administration de la Fondation canadienne [&hellip;]<\/p>\n","protected":false},"author":8,"featured_media":0,"comment_status":"closed","ping_status":"closed","sticky":false,"template":"","format":"standard","meta":{"_acf_changed":false,"footnotes":""},"categories":[2],"tags":[],"class_list":["post-13953","post","type-post","status-publish","format-standard","hentry","category-annonces"],"acf":[],"_links":{"self":[{"href":"https:\/\/crrf-fcrr.ca\/fr\/wp-json\/wp\/v2\/posts\/13953","targetHints":{"allow":["GET"]}}],"collection":[{"href":"https:\/\/crrf-fcrr.ca\/fr\/wp-json\/wp\/v2\/posts"}],"about":[{"href":"https:\/\/crrf-fcrr.ca\/fr\/wp-json\/wp\/v2\/types\/post"}],"author":[{"embeddable":true,"href":"https:\/\/crrf-fcrr.ca\/fr\/wp-json\/wp\/v2\/users\/8"}],"replies":[{"embeddable":true,"href":"https:\/\/crrf-fcrr.ca\/fr\/wp-json\/wp\/v2\/comments?post=13953"}],"version-history":[{"count":5,"href":"https:\/\/crrf-fcrr.ca\/fr\/wp-json\/wp\/v2\/posts\/13953\/revisions"}],"predecessor-version":[{"id":14003,"href":"https:\/\/crrf-fcrr.ca\/fr\/wp-json\/wp\/v2\/posts\/13953\/revisions\/14003"}],"wp:attachment":[{"href":"https:\/\/crrf-fcrr.ca\/fr\/wp-json\/wp\/v2\/media?parent=13953"}],"wp:term":[{"taxonomy":"category","embeddable":true,"href":"https:\/\/crrf-fcrr.ca\/fr\/wp-json\/wp\/v2\/categories?post=13953"},{"taxonomy":"post_tag","embeddable":true,"href":"https:\/\/crrf-fcrr.ca\/fr\/wp-json\/wp\/v2\/tags?post=13953"}],"curies":[{"name":"wp","href":"https:\/\/api.w.org\/{rel}","templated":true}]}}