{"id":14300,"date":"2025-12-11T11:15:06","date_gmt":"2025-12-11T16:15:06","guid":{"rendered":"https:\/\/crrf-fcrr.ca\/?p=14300"},"modified":"2025-12-11T12:41:35","modified_gmt":"2025-12-11T17:41:35","slug":"declaration-conjointe-ykws-grc-fcrr","status":"publish","type":"post","link":"https:\/\/crrf-fcrr.ca\/fr\/2025\/12\/declaration-conjointe-ykws-grc-fcrr\/","title":{"rendered":"R\u00e9conciliation: D\u00e9claration conjointe entre la Yellowknife Women&rsquo;s Society, la GRC et la FCRR"},"content":{"rendered":"\n<div class=\"wp-block-columns is-layout-flex wp-container-core-columns-is-layout-9d6595d7 wp-block-columns-is-layout-flex\">\n<div class=\"wp-block-column is-layout-flow wp-block-column-is-layout-flow\"><\/div>\n<\/div>\n\n\n\n<p><em>Photo: Illustration par Rachel MacNeill<\/em><\/p>\n\n\n\n<p>Dans le cadre de l&rsquo;engagement de la Fondation canadienne des relations raciales \u00e0 suivre la voie de la r\u00e9conciliation aux c\u00f4t\u00e9s des peuples autochtones du Canada, nous visons \u00e0 promouvoir le dialogue et \u00e0 soutenir les efforts de r\u00e9conciliation.<\/p>\n\n\n\n<p>\u00c0 l&rsquo;automne 2025, la FCRR a soutenu un dialogue entre la Yellowknife Women&rsquo;s Society (YKWS) et des repr\u00e9sentants de la Gendarmerie royale du Canada (GRC) en r\u00e9ponse \u00e0 la discrimination syst\u00e9mique et au manque de confiance et de s\u00e9curit\u00e9 dont ont subi les femmes autochtones \u00e0 Yellowknife avec la GRC, tels que document\u00e9 dans le rapport de la YKWS intitul\u00e9 \u00ab <a href=\"https:\/\/www.ykws.ca\/rcmp-report\">Over-policed and Under-protected: Recommendations to improve the relationship between unhoused Indigenous women and the RCMP in Yellowknife<\/a> \u00bb (Force polici\u00e8re excessive, protection insuffisante : Recommandations pour am\u00e9liorer la relation entre les femmes autochtones sans logement et la GRC \u00e0 Yellowknife (en anglais seulement)).<\/p>\n\n\n\n<p>\u00c0 la suite de ce dialogue, une d\u00e9claration conjointe a \u00e9t\u00e9 \u00e9labor\u00e9e entre la YKWS, la GRC et la FCRR afin d&rsquo;orienter des mesures concr\u00e8tes visant \u00e0 r\u00e9soudre les probl\u00e8mes soulev\u00e9s dans le rapport.<\/p>\n\n\n\n<p>Le FCRR s&rsquo;engage \u00e0 accompagner les organisations autochtones vers des solutions de justice plus adapt\u00e9es \u00e0 leur culture.<\/p>\n\n\n\n<p><strong>Pour lire la d\u00e9claration conjointe, cliquez sur le lien ci-dessous.<\/strong><\/p>\n\n\n\t\t\t<div class=\"cta-download-small\">\n\t\t\t<a class=\"link--download\" href=\"https:\/\/crrf-fcrr.ca\/wp-content\/uploads\/2025\/12\/2025-12-10-Declaration-conjointe-.pdf\" download>\n\t\t\t\tLire notre d\u00e9claration conjointe\t\t\t<\/a>\n\t\t<\/div>\n\t\n\n\n<p>Pour en apprendre plus sur la Yellowknife Women&rsquo;s Society, visitez <a href=\"https:\/\/www.ykws.ca\/\">https:\/\/www.ykws.ca\/<\/a> (en anglais seulement).<\/p>\n\n\n\n<div class=\"wp-block-columns is-layout-flex wp-container-core-columns-is-layout-9d6595d7 wp-block-columns-is-layout-flex\">\n<div class=\"wp-block-column is-layout-flow wp-block-column-is-layout-flow\" style=\"flex-basis:66.66%\">\n<figure class=\"wp-block-image size-large\"><img loading=\"lazy\" decoding=\"async\" width=\"1000\" height=\"809\" src=\"https:\/\/crrf-fcrr.ca\/wp-content\/uploads\/2025\/12\/COMPLETE-GRAPHIC-2-1000x809.png\" alt=\"\" class=\"wp-image-14290\" srcset=\"https:\/\/crrf-fcrr.ca\/wp-content\/uploads\/2025\/12\/COMPLETE-GRAPHIC-2-1000x809.png 1000w, https:\/\/crrf-fcrr.ca\/wp-content\/uploads\/2025\/12\/COMPLETE-GRAPHIC-2-445x360.png 445w, https:\/\/crrf-fcrr.ca\/wp-content\/uploads\/2025\/12\/COMPLETE-GRAPHIC-2-768x622.png 768w, https:\/\/crrf-fcrr.ca\/wp-content\/uploads\/2025\/12\/COMPLETE-GRAPHIC-2-1536x1243.png 1536w, https:\/\/crrf-fcrr.ca\/wp-content\/uploads\/2025\/12\/COMPLETE-GRAPHIC-2-650x526.png 650w, https:\/\/crrf-fcrr.ca\/wp-content\/uploads\/2025\/12\/COMPLETE-GRAPHIC-2-677x548.png 677w, https:\/\/crrf-fcrr.ca\/wp-content\/uploads\/2025\/12\/COMPLETE-GRAPHIC-2.png 1920w\" sizes=\"auto, (max-width: 1000px) 100vw, 1000px\" \/><\/figure>\n<\/div>\n\n\n\n<div class=\"wp-block-column is-layout-flow wp-block-column-is-layout-flow\" style=\"flex-basis:33.33%\"><\/div>\n<\/div>\n\n\n\n<p><em>Facilitation graphique par Rachel MacNeill du dialogue le 28 octobre 2025 (en anglais seulement).<\/em><\/p>\n\n\n\n<p><\/p>\n","protected":false},"excerpt":{"rendered":"<p>Photo: Illustration par Rachel MacNeill Dans le cadre de l&rsquo;engagement de la Fondation canadienne des relations raciales \u00e0 suivre la voie de la r\u00e9conciliation aux c\u00f4t\u00e9s des peuples autochtones du Canada, nous visons \u00e0 promouvoir le dialogue et \u00e0 soutenir les efforts de r\u00e9conciliation. \u00c0 l&rsquo;automne 2025, la FCRR a soutenu un dialogue entre la [&hellip;]<\/p>\n","protected":false},"author":8,"featured_media":14251,"comment_status":"closed","ping_status":"closed","sticky":false,"template":"","format":"standard","meta":{"_acf_changed":false,"footnotes":""},"categories":[2],"tags":[],"class_list":["post-14300","post","type-post","status-publish","format-standard","has-post-thumbnail","hentry","category-annonces"],"acf":[],"_links":{"self":[{"href":"https:\/\/crrf-fcrr.ca\/fr\/wp-json\/wp\/v2\/posts\/14300","targetHints":{"allow":["GET"]}}],"collection":[{"href":"https:\/\/crrf-fcrr.ca\/fr\/wp-json\/wp\/v2\/posts"}],"about":[{"href":"https:\/\/crrf-fcrr.ca\/fr\/wp-json\/wp\/v2\/types\/post"}],"author":[{"embeddable":true,"href":"https:\/\/crrf-fcrr.ca\/fr\/wp-json\/wp\/v2\/users\/8"}],"replies":[{"embeddable":true,"href":"https:\/\/crrf-fcrr.ca\/fr\/wp-json\/wp\/v2\/comments?post=14300"}],"version-history":[{"count":5,"href":"https:\/\/crrf-fcrr.ca\/fr\/wp-json\/wp\/v2\/posts\/14300\/revisions"}],"predecessor-version":[{"id":14335,"href":"https:\/\/crrf-fcrr.ca\/fr\/wp-json\/wp\/v2\/posts\/14300\/revisions\/14335"}],"wp:featuredmedia":[{"embeddable":true,"href":"https:\/\/crrf-fcrr.ca\/fr\/wp-json\/wp\/v2\/media\/14251"}],"wp:attachment":[{"href":"https:\/\/crrf-fcrr.ca\/fr\/wp-json\/wp\/v2\/media?parent=14300"}],"wp:term":[{"taxonomy":"category","embeddable":true,"href":"https:\/\/crrf-fcrr.ca\/fr\/wp-json\/wp\/v2\/categories?post=14300"},{"taxonomy":"post_tag","embeddable":true,"href":"https:\/\/crrf-fcrr.ca\/fr\/wp-json\/wp\/v2\/tags?post=14300"}],"curies":[{"name":"wp","href":"https:\/\/api.w.org\/{rel}","templated":true}]}}