{"id":14492,"date":"2026-01-21T09:52:22","date_gmt":"2026-01-21T14:52:22","guid":{"rendered":"https:\/\/crrf-fcrr.ca\/?p=14492"},"modified":"2026-01-21T09:52:01","modified_gmt":"2026-01-21T14:52:01","slug":"annonce-recipiendaires-eij-2025-2026-du-fnlcr","status":"publish","type":"post","link":"https:\/\/crrf-fcrr.ca\/fr\/2026\/01\/annonce-recipiendaires-eij-2025-2026-du-fnlcr\/","title":{"rendered":"R\u00e9cipiendaires du volet \u00c9v\u00e9nements et initiatives jeunesse 2025-2026 du Fonds national de lutte contre le racisme"},"content":{"rendered":"\n<div class=\"wp-block-columns pattern-two-column is-layout-flex wp-container-core-columns-is-layout-9d6595d7 wp-block-columns-is-layout-flex\">\n<div class=\"wp-block-column pattern-two-column__title is-layout-flow wp-block-column-is-layout-flow\">\n<h2 class=\"wp-block-heading\"><\/h2>\n<\/div>\n\n\n\n<div class=\"wp-block-column pattern-two-column__content is-layout-flow wp-block-column-is-layout-flow\">\n<p><em>Photo: Spirit North &#8211; Burns Lake Festival 2025 par Thomas Camus<\/em><\/p>\n\n\n\n<p>La Fondation canadienne des relations raciales (FCRR) est heureuse d&rsquo;annoncer les 130 b\u00e9n\u00e9ficiaires de son Fonds national de lutte contre le racisme (FNLCR) pour les \u00e9v\u00e9nements et les initiatives jeunesse (EIJ) 2025-2026. Les organisations s\u00e9lectionn\u00e9es recevront pr\u00e8s de 1,2 million de dollars pour mener \u00e0 bien des initiatives de lutte contre le racisme partout au Canada d\u00e8s maintenant et jusqu&rsquo;au 30 septembre 2026.<\/p>\n\n\n\n<p>Parmi les laur\u00e9ats des \u00e9v\u00e9nements et initiatives jeunesse du FNLCR se retrouvent des organismes \u00e0 travers le Canada ayant pour mission de planifier des \u00e9v\u00e9nements communautaires, publics, sociaux, et\/ou d\u2019apprentissage harmonis\u00e9s aux th\u00e8mes et objectifs du FNLCR.<\/p>\n\n\n\n<p>Les r\u00e9cipiendaires sont \u00e9galement des organismes dirig\u00e9s par des jeunes ou ax\u00e9s sur les jeunes (des personnes de moins de 30\u202fans). Ces \u00e9v\u00e9nements et initiatives jeunesse comprennent des conf\u00e9rences, colloques, ateliers, galas, festivals, expositions et des activit\u00e9s de r\u00e9conciliation ou interculturelles.<\/p>\n\n\n\n<blockquote class=\"wp-block-quote is-layout-flow wp-block-quote-is-layout-flow\">\n<p>\u00c0 elles seules, les micro-subventions ne peuvent pas transformer les syst\u00e8mes du jour au lendemain, mais elles catalysent le changement en donnant aux communaut\u00e9s l&rsquo;espace n\u00e9cessaire pour collaborer, exp\u00e9rimenter, sensibiliser et d\u00e9velopper des id\u00e9es et des coalitions qui \u0153uvrent en faveur d&rsquo;un changement syst\u00e9mique. Ce groupe de b\u00e9n\u00e9ficiaires est pr\u00eat\u00e0 transformer cet \u00e9lan en changements significatifs et durables.<\/p>\n<cite>Mohammed Hashim, PDG de la FCRR&nbsp;<\/cite><\/blockquote>\n\n\n\n<p>La FCRR a re\u00e7u pr\u00e8s de 600 demandes provenant de partout au pays pour le volet EIJ du financement du FNLCR, ce qui t\u00e9moigne du besoin persistant de ressources pour mener \u00e0 bien le travail crucial de lutte contre le racisme au Canada. Nous sommes reconnaissants de l&rsquo;importante contribution de tous les candidates et candidats.<\/p>\n\n\n\n<p>Le Fonds national de lutte contre le racisme est l&rsquo;un des principaux moyens utilis\u00e9s par la FCRR pour b\u00e2tir un Canada plus \u00e9quitable et plus inclusif. Au cours des quatre derni\u00e8res ann\u00e9es, nous avons vers\u00e9 plus de 12 millions de dollars pour soutenir le travail remarquable de plus de 700 organisations partout au Canada dans la lutte contre le racisme par l&rsquo;interm\u00e9diaire du FNLCR.<\/p>\n\n\n\n<p>La liste des r\u00e9cipiendaires est publi\u00e9e sur <a href=\"\/fr\/?page_id=14468\">cette page<\/a>.<\/p>\n\n\n\n<p>Pour rester \u00e0 l\u2019aff\u00fbt des initiatives de la FCRR,&nbsp;<a href=\"https:\/\/crrf-fcrr.us3.list-manage.com\/subscribe?u=6b405dbf9952e5a74b1f72fa9&amp;id=297b4ef6a2\"><strong>inscrivez-vous \u00e0 notre infolettre<\/strong><\/a>&nbsp;et suivez-nous sur&nbsp;<a href=\"https:\/\/ca.linkedin.com\/company\/crrf-fcrr\"><strong>LinkedIn<\/strong><\/a>,&nbsp;<a href=\"https:\/\/www.instagram.com\/crrf_fcrr\/\"><strong>Instagram<\/strong><\/a>&nbsp;et&nbsp;<a href=\"https:\/\/www.facebook.com\/FCRRCRRF\/\"><strong>Facebook<\/strong><\/a>.<\/p>\n<\/div>\n<\/div>\n","protected":false},"excerpt":{"rendered":"<p>Photo: Spirit North &#8211; Burns Lake Festival 2025 par Thomas Camus La Fondation canadienne des relations raciales (FCRR) est heureuse d&rsquo;annoncer les 130 b\u00e9n\u00e9ficiaires de son Fonds national de lutte contre le racisme (FNLCR) pour les \u00e9v\u00e9nements et les initiatives jeunesse (EIJ) 2025-2026. Les organisations s\u00e9lectionn\u00e9es recevront pr\u00e8s de 1,2 million de dollars pour mener [&hellip;]<\/p>\n","protected":false},"author":5,"featured_media":14490,"comment_status":"closed","ping_status":"closed","sticky":false,"template":"","format":"standard","meta":{"_acf_changed":false,"footnotes":""},"categories":[2,32],"tags":[],"class_list":["post-14492","post","type-post","status-publish","format-standard","has-post-thumbnail","hentry","category-annonces","category-bourses"],"acf":[],"_links":{"self":[{"href":"https:\/\/crrf-fcrr.ca\/fr\/wp-json\/wp\/v2\/posts\/14492","targetHints":{"allow":["GET"]}}],"collection":[{"href":"https:\/\/crrf-fcrr.ca\/fr\/wp-json\/wp\/v2\/posts"}],"about":[{"href":"https:\/\/crrf-fcrr.ca\/fr\/wp-json\/wp\/v2\/types\/post"}],"author":[{"embeddable":true,"href":"https:\/\/crrf-fcrr.ca\/fr\/wp-json\/wp\/v2\/users\/5"}],"replies":[{"embeddable":true,"href":"https:\/\/crrf-fcrr.ca\/fr\/wp-json\/wp\/v2\/comments?post=14492"}],"version-history":[{"count":5,"href":"https:\/\/crrf-fcrr.ca\/fr\/wp-json\/wp\/v2\/posts\/14492\/revisions"}],"predecessor-version":[{"id":14499,"href":"https:\/\/crrf-fcrr.ca\/fr\/wp-json\/wp\/v2\/posts\/14492\/revisions\/14499"}],"wp:featuredmedia":[{"embeddable":true,"href":"https:\/\/crrf-fcrr.ca\/fr\/wp-json\/wp\/v2\/media\/14490"}],"wp:attachment":[{"href":"https:\/\/crrf-fcrr.ca\/fr\/wp-json\/wp\/v2\/media?parent=14492"}],"wp:term":[{"taxonomy":"category","embeddable":true,"href":"https:\/\/crrf-fcrr.ca\/fr\/wp-json\/wp\/v2\/categories?post=14492"},{"taxonomy":"post_tag","embeddable":true,"href":"https:\/\/crrf-fcrr.ca\/fr\/wp-json\/wp\/v2\/tags?post=14492"}],"curies":[{"name":"wp","href":"https:\/\/api.w.org\/{rel}","templated":true}]}}