{"id":2868,"date":"2023-01-27T15:44:14","date_gmt":"2023-01-27T20:44:14","guid":{"rendered":"https:\/\/crrf-fcrr.ca\/2023\/01\/journee-internationale-de-commemoration-de-l-holocauste-une-journee-pour-s-engager-a-nouveau-dans-la-lutte-contre-l-antisemitisme-partout-dans-le-monde\/"},"modified":"2023-05-01T14:15:25","modified_gmt":"2023-05-01T18:15:25","slug":"journee-internationale-de-commemoration-de-l-holocauste-une-journee-pour-s-engager-a-nouveau-dans-la-lutte-contre-l-antisemitisme-partout-dans-le-monde","status":"publish","type":"post","link":"https:\/\/crrf-fcrr.ca\/fr\/2023\/01\/journee-internationale-de-commemoration-de-l-holocauste-une-journee-pour-s-engager-a-nouveau-dans-la-lutte-contre-l-antisemitisme-partout-dans-le-monde\/","title":{"rendered":"Journ\u00e9e internationale de comm\u00e9moration de l&rsquo;Holocauste : Une journ\u00e9e pour s&rsquo;engager \u00e0 nouveau dans la lutte contre l&rsquo;antis\u00e9mitisme partout dans le monde"},"content":{"rendered":"\n<div class=\"wp-block-columns pattern-two-column is-layout-flex wp-container-core-columns-is-layout-9d6595d7 wp-block-columns-is-layout-flex\">\n<div class=\"wp-block-column pattern-two-column__title is-layout-flow wp-block-column-is-layout-flow\">\n<h2 class=\"wp-block-heading\"><\/h2>\n<\/div>\n\n\n\n<div class=\"wp-block-column pattern-two-column__content is-layout-flow wp-block-column-is-layout-flow\">\n<p>Le 27 janvier, les Canadiens sont invit\u00e9s \u00e0 se joindre aux Canadiens juifs et aux gens du monde entier pour souligner la Journ\u00e9e internationale de comm\u00e9moration de l&rsquo;Holocauste.<\/p>\n\n\n\n<p>Cette comm\u00e9moration mondiale annuelle marque la lib\u00e9ration du camp de concentration d&rsquo;Auschwitz-Birkenau et sensibilise le public aux plus de six millions de Juifs qui ont \u00e9t\u00e9 tu\u00e9s pendant l&rsquo;Holocauste. Le th\u00e8me de cette ann\u00e9e est \u00ab La maison et l&rsquo;appartenance \u00bb, afin de montrer comment l&rsquo;Holocauste a bris\u00e9 la vie et le sentiment d&rsquo;appartenance des Juifs, et a entra\u00een\u00e9 la mort d&rsquo;environ deux tiers de la population juive d&rsquo;Europe.<\/p>\n\n\n\n<p>Dans le cadre des comm\u00e9morations, le Congr\u00e8s juif mondial et la <a href=\"https:\/\/weremember.worldjewishcongress.org\/\">campagne #WeRemember<\/a> de l&rsquo;UNESCO encouragent les gens \u00e0 se souvenir des victimes et des survivants de l&rsquo;Holocauste en participant \u00e0 la campagne sur les m\u00e9dias sociaux, ainsi qu&rsquo;en visitant des monuments qui seront illumin\u00e9s en jaune en l&rsquo;honneur de ceux qui ont \u00e9t\u00e9 assassin\u00e9s.<\/p>\n\n\n\n<p>Au Canada, les monuments publics participants comprennent le Monument national de l&rsquo;Holocauste et la Tour de la Paix \u00e0 Ottawa, Canada Place \u00e0 Vancouver, la Tour CN \u00e0 Toronto, les chutes du Niagara et le Stade olympique de Montr\u00e9al.<\/p>\n\n\n\n<p>Cette journ\u00e9e symbolique est \u00e9galement l&rsquo;occasion de tenir des discussions importantes dans les salles de classe, les lieux de travail et au sein des communaut\u00e9s sur le fl\u00e9au de l&rsquo;antis\u00e9mitisme et son impact dangereux sur la vie des Canadiens juifs aujourd&rsquo;hui.<\/p>\n\n\n\n<p>Une enqu\u00eate nationale a d\u00e9montr\u00e9 que pr\u00e8s d&rsquo;un quart des mill\u00e9niaux canadiens n&rsquo;ont pas entendu parler, ou ne sont pas certains d&rsquo;avoir entendu parler, de l&rsquo;Holocauste et que pr\u00e8s de 62 % des mill\u00e9niaux canadiens ne savaient pas que six millions de Juifs ont \u00e9t\u00e9 tu\u00e9s pendant l&rsquo;Holocauste.<\/p>\n\n\n\n<p>La communaut\u00e9 juive du Canada continue d&rsquo;\u00eatre le groupe religieux qui conna\u00eet le plus grand nombre de crimes haineux d\u00e9clar\u00e9s par la police. Les donn\u00e9es les plus r\u00e9centes de Statistique Canada rapport\u00e9es par la police montrent une <a href=\"https:\/\/www150.statcan.gc.ca\/n1\/daily-quotidien\/220802\/t004a-fra.htm\">augmentation de 47 %<\/a> des crimes haineux antis\u00e9mites entre 2020 et 2021.<\/p>\n\n\n\n<p>La Fondation canadienne des relations raciales (FCRR) continue de plaider pour un meilleur soutien aux victimes de la haine, ainsi que pour des normes nationales sur les crimes haineux. La FCRR est \u00e9galement fi\u00e8re de soutenir de nombreux groupes et organismes communautaires juifs par le biais de son Fonds national de lutte contre le racisme, qui vient compl\u00e9ter les efforts continus du gouvernement f\u00e9d\u00e9ral pour faire face \u00e0 la mont\u00e9e inqui\u00e9tante de l&rsquo;antis\u00e9mitisme et de la haine.<\/p>\n<\/div>\n<\/div>\n","protected":false},"excerpt":{"rendered":"<p>Le 27 janvier, les Canadiens sont invit\u00e9s \u00e0 se joindre aux Canadiens juifs et aux gens du monde entier pour souligner la Journ\u00e9e internationale de comm\u00e9moration de l&rsquo;Holocauste. Cette comm\u00e9moration mondiale annuelle marque la lib\u00e9ration du camp de concentration d&rsquo;Auschwitz-Birkenau et sensibilise le public aux plus de six millions de Juifs qui ont \u00e9t\u00e9 tu\u00e9s [&hellip;]<\/p>\n","protected":false},"author":1,"featured_media":3258,"comment_status":"closed","ping_status":"closed","sticky":false,"template":"","format":"standard","meta":{"_acf_changed":false,"footnotes":""},"categories":[2],"tags":[],"class_list":["post-2868","post","type-post","status-publish","format-standard","has-post-thumbnail","hentry","category-annonces"],"acf":[],"_links":{"self":[{"href":"https:\/\/crrf-fcrr.ca\/fr\/wp-json\/wp\/v2\/posts\/2868","targetHints":{"allow":["GET"]}}],"collection":[{"href":"https:\/\/crrf-fcrr.ca\/fr\/wp-json\/wp\/v2\/posts"}],"about":[{"href":"https:\/\/crrf-fcrr.ca\/fr\/wp-json\/wp\/v2\/types\/post"}],"author":[{"embeddable":true,"href":"https:\/\/crrf-fcrr.ca\/fr\/wp-json\/wp\/v2\/users\/1"}],"replies":[{"embeddable":true,"href":"https:\/\/crrf-fcrr.ca\/fr\/wp-json\/wp\/v2\/comments?post=2868"}],"version-history":[{"count":3,"href":"https:\/\/crrf-fcrr.ca\/fr\/wp-json\/wp\/v2\/posts\/2868\/revisions"}],"predecessor-version":[{"id":3269,"href":"https:\/\/crrf-fcrr.ca\/fr\/wp-json\/wp\/v2\/posts\/2868\/revisions\/3269"}],"wp:featuredmedia":[{"embeddable":true,"href":"https:\/\/crrf-fcrr.ca\/fr\/wp-json\/wp\/v2\/media\/3258"}],"wp:attachment":[{"href":"https:\/\/crrf-fcrr.ca\/fr\/wp-json\/wp\/v2\/media?parent=2868"}],"wp:term":[{"taxonomy":"category","embeddable":true,"href":"https:\/\/crrf-fcrr.ca\/fr\/wp-json\/wp\/v2\/categories?post=2868"},{"taxonomy":"post_tag","embeddable":true,"href":"https:\/\/crrf-fcrr.ca\/fr\/wp-json\/wp\/v2\/tags?post=2868"}],"curies":[{"name":"wp","href":"https:\/\/api.w.org\/{rel}","templated":true}]}}