{"id":2921,"date":"2022-05-10T15:51:21","date_gmt":"2022-05-10T19:51:21","guid":{"rendered":"https:\/\/crrf-fcrr.ca\/2022\/05\/la-fondation-canadienne-des-relations-raciales-et-la-federation-canadienne-des-municipalites-un-partenariat-pour-faire-avancer-l-equite-l-inclusion-et-la-lutte-contre-le-racisme\/"},"modified":"2023-04-27T16:54:19","modified_gmt":"2023-04-27T20:54:19","slug":"la-fondation-canadienne-des-relations-raciales-et-la-federation-canadienne-des-municipalites-un-partenariat-pour-faire-avancer-l-equite-l-inclusion-et-la-lutte-contre-le-racisme","status":"publish","type":"post","link":"https:\/\/crrf-fcrr.ca\/fr\/2022\/05\/la-fondation-canadienne-des-relations-raciales-et-la-federation-canadienne-des-municipalites-un-partenariat-pour-faire-avancer-l-equite-l-inclusion-et-la-lutte-contre-le-racisme\/","title":{"rendered":"La Fondation canadienne des relations raciales et la F\u00e9d\u00e9ration canadienne des municipalit\u00e9s : un partenariat pour faire avancer l\u2019\u00e9quit\u00e9, l\u2019inclusion et la lutte contre le racisme"},"content":{"rendered":"<p><img loading=\"lazy\" decoding=\"async\" src=\"images\/CRRFpartnership_theFederationofCanadianMunicipalities_May10_2022.png\" alt=\"\" width=\"901\" height=\"507\"><\/p>\n<p><strong>TORONTO,&nbsp;10 mai 2022<\/strong>&nbsp;\u2013&nbsp;La Fondation canadienne des relations raciales (FCRR) et la F\u00e9d\u00e9ration canadienne des municipalit\u00e9s (FCM) ont annonc\u00e9 aujourd\u2019hui la cr\u00e9ation d\u2019un partenariat pour faire avancer l\u2019\u00e9quit\u00e9, l\u2019inclusion et la lutte contre le racisme dans les municipalit\u00e9s.&nbsp;<\/p>\n<p>La FCRR est le principal organisme du pays vou\u00e9 \u00e0 l\u2019\u00e9limination du racisme et de toutes les formes de discrimination raciale dans la soci\u00e9t\u00e9 canadienne. La FCM, \u00e0 titre de voix nationale des municipalit\u00e9s d\u2019un oc\u00e9an \u00e0 l\u2019autre, repr\u00e9sente l\u2019ordre de gouvernement le plus proche de la vie quotidienne des citoyens, de leurs espoirs et de leurs d\u00e9fis. Par l&rsquo;entremise de la FCM, les gouvernements municipaux cherchent \u00e0 accro\u00eetre la qualit\u00e9 de vie des r\u00e9sidents de tous horizons.<\/p>\n<p>\u00ab Les gouvernements municipaux ont un r\u00f4le cl\u00e9 \u00e0 jouer pour s\u2019assurer que les r\u00e9sidents de toutes origines sont pleinement en mesure de participer dans leurs collectivit\u00e9s sans \u00eatre confront\u00e9s \u00e0 des obstacles syst\u00e9miques, a d\u00e9clar\u00e9 Mohammed Hashim, directeur g\u00e9n\u00e9ral du FCRR. Nous esp\u00e9rons \u00e9largir la conversation sur la race et sur l\u2019antiracisme, accro\u00eetre les possibilit\u00e9s d\u2019apprentissage et aider \u00e0 donner l\u2019impulsion aux changements institutionnels en r\u00e9unissant des \u00e9lus municipaux de tout le pays pour partager leurs exp\u00e9riences et leurs meilleures pratiques. Il s\u2019agit d\u2019un premier d\u2019une s\u00e9rie de dialogues, et nous travaillerons collectivement \u00e0 l\u2019obtention de changements significatifs dans ce domaine de politiques et du leadership. \u00bb&nbsp;<\/p>\n<p>La F\u00e9d\u00e9ration canadienne des municipalit\u00e9s croit que tout \u00eatre humain m\u00e9rite de vivre \u00e0 l\u2019abri du racisme, de l\u2019oppression syst\u00e9mique et de la violence raciale. Cette libert\u00e9 doit s\u2019affirmer dans les villes et les collectivit\u00e9s o\u00f9 nous vivons, travaillons, \u00e9tudions et fondons nos familles. Malheureusement, les Noirs, les Autochtones et de nombreuses autres personnes provenant d\u2019origines diverses doivent encore aujourd\u2019hui faire face \u00e0 des actes de racisme et \u00e0 des injustices syst\u00e9miques. Par la cr\u00e9ation de ce partenariat, les deux organisations s\u2019unissent afin de b\u00e2tir de meilleures vies pour tous les Canadiens.&nbsp;<\/p>\n<p>\u00ab&nbsp;\u00c0 titre de f\u00e9d\u00e9ration d\u2019envergure nationale, la FCM reconna\u00eet qu\u2019elle d\u00e9tient la responsabilit\u00e9, en plus d\u2019avoir la chance, de provoquer des changements dans la soci\u00e9t\u00e9, a d\u00e9clar\u00e9 Carole Saab, cheffe de la direction de la FCM. Ce nouveau partenariat nous permettra d\u2019acc\u00e9l\u00e9rer les progr\u00e8s dans nos collectivit\u00e9s. Nous avons bon espoir que ces efforts se traduiront par des r\u00e9sultats concrets qui ouvriront la voie \u00e0 de nouvelles possibilit\u00e9s de collaboration pour des progr\u00e8s en mati\u00e8re d\u2019antiracisme, d\u2019\u00e9quit\u00e9 et d\u2019inclusion dans toutes les municipalit\u00e9s du pays.&nbsp;\u00bb<\/p>\n<p>Ce nouveau partenariat vise notamment \u00e0 cerner des approches efficaces et \u00e0 d\u00e9terminer les obstacles et les solutions pour des actions collectives, dont une mobilisation pancanadienne pour r\u00e9aliser ces objectifs. La FCRR et la FCM cr\u00e9eront des occasions pour assurer le partage des pratiques exemplaires, souligner les r\u00e9ussites et discuter des solutions pour surmonter les obstacles dans les municipalit\u00e9s. Ces conversations et \u00e9changes indispensables s\u2019amorceront au Forum sur l\u2019\u00e9quit\u00e9, l\u2019inclusion et la lutte contre le racisme qui aura lieu le 11&nbsp;mai, et \u00e0 une s\u00e9ance sur ces m\u00eames enjeux dans le cadre du congr\u00e8s annuel de la FCM.<\/p>\n<p>Le partenariat entre la FCRR et la FCM a pour but de capter l\u2019attention n\u00e9cessaire et d\u2019obtenir les ressources pertinentes pour l\u2019avancement de l\u2019\u00e9quit\u00e9, de l\u2019inclusion et de la lutte contre le racisme au sein des gouvernements municipaux. En plus d\u2019explorer divers moyens pour soutenir la mise en \u0153uvre de mesures pragmatiques par les municipalit\u00e9s, les nouveaux partenaires souhaitent poursuivre \u00e0 long terme leur collaboration afin de cr\u00e9er des espaces propices aux \u00e9changes et \u00e0 la collaboration entre les \u00e9lus municipaux de tout le pays.<\/p>\n<p><strong>Renseignements&nbsp;:<\/strong><\/p>\n<p>Amira Elghawaby, directrice des communications, (613) 617-6719, <a href=\"mailto:aelghawaby@crrf-fcrr.ca\"><\/a><a href=\"mailto:aelghawaby@crrf-fcrr.ca\">aelghawaby@crrf-fcrr.ca<\/a><\/p>\n<p><a href=\"https:\/\/fcm.ca\/fr\">F\u00e9d\u00e9ration canadienne des municipalit\u00e9s<\/a>, Relations avec les m\u00e9dias, (613) 907-6395, <a href=\"mailto:media@fcm.ca\"><\/a><a href=\"mailto:media@fcm.ca\">media@fcm.ca<\/a><\/p>\n","protected":false},"excerpt":{"rendered":"<p>TORONTO,&nbsp;10 mai 2022&nbsp;\u2013&nbsp;La Fondation canadienne des relations raciales (FCRR) et la F\u00e9d\u00e9ration canadienne des municipalit\u00e9s (FCM) ont annonc\u00e9 aujourd\u2019hui la cr\u00e9ation d\u2019un partenariat pour faire avancer l\u2019\u00e9quit\u00e9, l\u2019inclusion et la lutte contre le racisme dans les municipalit\u00e9s.&nbsp; La FCRR est le principal organisme du pays vou\u00e9 \u00e0 l\u2019\u00e9limination du racisme et de toutes les formes [&hellip;]<\/p>\n","protected":false},"author":1,"featured_media":4349,"comment_status":"closed","ping_status":"closed","sticky":false,"template":"","format":"standard","meta":{"_acf_changed":false,"footnotes":""},"categories":[33],"tags":[],"class_list":["post-2921","post","type-post","status-publish","format-standard","has-post-thumbnail","hentry","category-communiques"],"acf":[],"_links":{"self":[{"href":"https:\/\/crrf-fcrr.ca\/fr\/wp-json\/wp\/v2\/posts\/2921","targetHints":{"allow":["GET"]}}],"collection":[{"href":"https:\/\/crrf-fcrr.ca\/fr\/wp-json\/wp\/v2\/posts"}],"about":[{"href":"https:\/\/crrf-fcrr.ca\/fr\/wp-json\/wp\/v2\/types\/post"}],"author":[{"embeddable":true,"href":"https:\/\/crrf-fcrr.ca\/fr\/wp-json\/wp\/v2\/users\/1"}],"replies":[{"embeddable":true,"href":"https:\/\/crrf-fcrr.ca\/fr\/wp-json\/wp\/v2\/comments?post=2921"}],"version-history":[{"count":2,"href":"https:\/\/crrf-fcrr.ca\/fr\/wp-json\/wp\/v2\/posts\/2921\/revisions"}],"predecessor-version":[{"id":3004,"href":"https:\/\/crrf-fcrr.ca\/fr\/wp-json\/wp\/v2\/posts\/2921\/revisions\/3004"}],"wp:featuredmedia":[{"embeddable":true,"href":"https:\/\/crrf-fcrr.ca\/fr\/wp-json\/wp\/v2\/media\/4349"}],"wp:attachment":[{"href":"https:\/\/crrf-fcrr.ca\/fr\/wp-json\/wp\/v2\/media?parent=2921"}],"wp:term":[{"taxonomy":"category","embeddable":true,"href":"https:\/\/crrf-fcrr.ca\/fr\/wp-json\/wp\/v2\/categories?post=2921"},{"taxonomy":"post_tag","embeddable":true,"href":"https:\/\/crrf-fcrr.ca\/fr\/wp-json\/wp\/v2\/tags?post=2921"}],"curies":[{"name":"wp","href":"https:\/\/api.w.org\/{rel}","templated":true}]}}