{"id":2956,"date":"2022-06-03T20:13:59","date_gmt":"2022-06-04T00:13:59","guid":{"rendered":"https:\/\/crrf-fcrr.ca\/2022\/06\/se-souvenir-de-la-famille-afzaal-un-an-plus-tard\/"},"modified":"2023-04-27T16:44:30","modified_gmt":"2023-04-27T20:44:30","slug":"se-souvenir-de-la-famille-afzaal-un-an-plus-tard","status":"publish","type":"post","link":"https:\/\/crrf-fcrr.ca\/fr\/2022\/06\/se-souvenir-de-la-famille-afzaal-un-an-plus-tard\/","title":{"rendered":"Se souvenir de la famille Afzaal : Un an plus tard"},"content":{"rendered":"<p><img loading=\"lazy\" decoding=\"async\" src=\"images\/AfzaalFamily\/FR.png\" alt=\"\" width=\"756\" height=\"425\"><\/p>\n<p>Le 6 juin 2021, l&rsquo;attaque mortelle contre une famille musulmane de London qui se promenait en soir\u00e9e a choqu\u00e9 et attrist\u00e9 les Canadiens partout au pays.<\/p>\n<p>Cette attaque haineuse et terroriste contre la famille Afzaal \u00e9tait motiv\u00e9e par l&rsquo;islamophobie.<\/p>\n<p>Il s&rsquo;agit d&rsquo;un rappel douloureux du danger que repr\u00e9sentent la haine et le sentiment anti-musulman pour la s\u00e9curit\u00e9 et le bien-\u00eatre des musulmans canadiens et des autres communaut\u00e9s racialis\u00e9es.<\/p>\n<p>Ce niveau de haine a d\u00e9j\u00e0 eu des cons\u00e9quences mortelles. Il y a tout juste cinq ans, six musulmans qu\u00e9b\u00e9cois ont \u00e9t\u00e9 abattus dans un lieu de culte.<\/p>\n<p>La Fondation canadienne des relations raciales s&rsquo;engage \u00e0 faire en sorte que les auteurs de la haine soient livr\u00e9s \u00e0 la justice et que les victimes re\u00e7oivent le soutien dont elles ont besoin. Apprenez-en davantage sur <a href=\"fr\/actualites-et-evenements\/recherches-annonces\/item\/27498-lancement-d-un-groupe-de-travail-national-sur-les-crimes-haineux-au-canada\">notre groupe de travail national sur les crimes haineux<\/a>, annonc\u00e9 r\u00e9cemment.&nbsp;<\/p>\n<p>Tous les Canadiens m\u00e9ritent de se sentir prot\u00e9g\u00e9s et en s\u00e9curit\u00e9.<\/p>\n<p>Alors que nous nous rassemblons pour nous souvenir de la famille Afzaal, la FCRR encourage tous les Canadiens \u00e0 s&rsquo;engager \u00e0 nouveau \u00e0 lutter contre l&rsquo;islamophobie et toutes les formes de haine et de discrimination.<\/p>\n<p>Pour obtenir de plus amples renseignements et la liste compl\u00e8te des \u00e9v\u00e9nements qui se d\u00e9rouleront \u00e0 London en l&rsquo;honneur de la famille Afzaal, <a href=\"https:\/\/london.ca\/our-london-family\" target=\"_blank\" rel=\"noopener\">veuillez cliquer sur ce lien.<\/a><\/p>\n","protected":false},"excerpt":{"rendered":"<p>Le 6 juin 2021, l&rsquo;attaque mortelle contre une famille musulmane de London qui se promenait en soir\u00e9e a choqu\u00e9 et attrist\u00e9 les Canadiens partout au pays. Cette attaque haineuse et terroriste contre la famille Afzaal \u00e9tait motiv\u00e9e par l&rsquo;islamophobie. Il s&rsquo;agit d&rsquo;un rappel douloureux du danger que repr\u00e9sentent la haine et le sentiment anti-musulman pour [&hellip;]<\/p>\n","protected":false},"author":1,"featured_media":4355,"comment_status":"closed","ping_status":"closed","sticky":false,"template":"","format":"standard","meta":{"_acf_changed":false,"footnotes":""},"categories":[35],"tags":[],"class_list":["post-2956","post","type-post","status-publish","format-standard","has-post-thumbnail","hentry","category-declarations"],"acf":[],"_links":{"self":[{"href":"https:\/\/crrf-fcrr.ca\/fr\/wp-json\/wp\/v2\/posts\/2956","targetHints":{"allow":["GET"]}}],"collection":[{"href":"https:\/\/crrf-fcrr.ca\/fr\/wp-json\/wp\/v2\/posts"}],"about":[{"href":"https:\/\/crrf-fcrr.ca\/fr\/wp-json\/wp\/v2\/types\/post"}],"author":[{"embeddable":true,"href":"https:\/\/crrf-fcrr.ca\/fr\/wp-json\/wp\/v2\/users\/1"}],"replies":[{"embeddable":true,"href":"https:\/\/crrf-fcrr.ca\/fr\/wp-json\/wp\/v2\/comments?post=2956"}],"version-history":[{"count":2,"href":"https:\/\/crrf-fcrr.ca\/fr\/wp-json\/wp\/v2\/posts\/2956\/revisions"}],"predecessor-version":[{"id":2997,"href":"https:\/\/crrf-fcrr.ca\/fr\/wp-json\/wp\/v2\/posts\/2956\/revisions\/2997"}],"wp:featuredmedia":[{"embeddable":true,"href":"https:\/\/crrf-fcrr.ca\/fr\/wp-json\/wp\/v2\/media\/4355"}],"wp:attachment":[{"href":"https:\/\/crrf-fcrr.ca\/fr\/wp-json\/wp\/v2\/media?parent=2956"}],"wp:term":[{"taxonomy":"category","embeddable":true,"href":"https:\/\/crrf-fcrr.ca\/fr\/wp-json\/wp\/v2\/categories?post=2956"},{"taxonomy":"post_tag","embeddable":true,"href":"https:\/\/crrf-fcrr.ca\/fr\/wp-json\/wp\/v2\/tags?post=2956"}],"curies":[{"name":"wp","href":"https:\/\/api.w.org\/{rel}","templated":true}]}}