{"id":2964,"date":"2020-04-15T14:07:22","date_gmt":"2020-04-15T18:07:22","guid":{"rendered":"https:\/\/crrf-fcrr.ca\/2020\/04\/volume-8-de-directions\/"},"modified":"2023-04-27T17:31:21","modified_gmt":"2023-04-27T21:31:21","slug":"volume-8-de-directions","status":"publish","type":"post","link":"https:\/\/crrf-fcrr.ca\/fr\/2020\/04\/volume-8-de-directions\/","title":{"rendered":"Volume 8 de Directions"},"content":{"rendered":"<p>La Fondation canadienne des relations raciales est heureuse d&rsquo;annoncer la publication du volume 8 de Directions. Cette publication gratuite contient des articles acad\u00e9miques publi\u00e9s de septembre 2018 \u00e0 ao\u00fbt 2019 sur les th\u00e8mes de l&rsquo;immigration et du nationalisme, des crimes haineux et des in\u00e9galit\u00e9s et de la r\u00e9conciliation. Lisez ce volume:<\/p>\n<p><a href=\"images\/CRRF_Directions_FR_FINAL_2020.pdf\"><img loading=\"lazy\" decoding=\"async\" style=\"display: block; margin-left: auto; margin-right: auto;\" src=\"images\/CRRF_Directions_FR_FINAL_2020.jpg\" alt=\"CRRF Directions FR FINAL 2020\" width=\"500\" height=\"647\"><\/a><\/p>\n<p>Directions, le journal de Canadian Race Relation, fournit des recherches, des commentaires et des perspectives ax\u00e9s sur l&rsquo;action et ax\u00e9s sur la communaut\u00e9 sur l&rsquo;\u00e9limination du racisme et de la discrimination.<\/p>\n<p><em><b>Ce journal est fourni \u00e0 titre informatif et <\/b><\/em><em><b>uniquement&nbsp;<\/b><\/em><em><b>\u00e9ducatif<\/b><\/em><em><b>. Le <\/b><\/em><em><b>contenu-ci <\/b><\/em><em><b>publi\u00e9 repr\u00e9sente le travail de ses auteurs, chercheurs et autres contributeurs externes et ne refl\u00e8te pas n\u00e9cessairement la politique, les positions ou les croyances officielles de la Fondation canadienne des relations raciales.<\/b><\/em><\/p>\n<p>Voir notre appel \u00e0 communications&nbsp;<a href=\"fr\/demande-de-proposition\">ici<\/a>.<\/p>\n","protected":false},"excerpt":{"rendered":"<p>La Fondation canadienne des relations raciales est heureuse d&rsquo;annoncer la publication du volume 8 de Directions. Cette publication gratuite contient des articles acad\u00e9miques publi\u00e9s de septembre 2018 \u00e0 ao\u00fbt 2019 sur les th\u00e8mes de l&rsquo;immigration et du nationalisme, des crimes haineux et des in\u00e9galit\u00e9s et de la r\u00e9conciliation. Lisez ce volume: Directions, le journal de [&hellip;]<\/p>\n","protected":false},"author":1,"featured_media":0,"comment_status":"closed","ping_status":"closed","sticky":false,"template":"","format":"standard","meta":{"_acf_changed":false,"footnotes":""},"categories":[30],"tags":[],"class_list":["post-2964","post","type-post","status-publish","format-standard","hentry","category-campagnes"],"acf":[],"_links":{"self":[{"href":"https:\/\/crrf-fcrr.ca\/fr\/wp-json\/wp\/v2\/posts\/2964","targetHints":{"allow":["GET"]}}],"collection":[{"href":"https:\/\/crrf-fcrr.ca\/fr\/wp-json\/wp\/v2\/posts"}],"about":[{"href":"https:\/\/crrf-fcrr.ca\/fr\/wp-json\/wp\/v2\/types\/post"}],"author":[{"embeddable":true,"href":"https:\/\/crrf-fcrr.ca\/fr\/wp-json\/wp\/v2\/users\/1"}],"replies":[{"embeddable":true,"href":"https:\/\/crrf-fcrr.ca\/fr\/wp-json\/wp\/v2\/comments?post=2964"}],"version-history":[{"count":2,"href":"https:\/\/crrf-fcrr.ca\/fr\/wp-json\/wp\/v2\/posts\/2964\/revisions"}],"predecessor-version":[{"id":3035,"href":"https:\/\/crrf-fcrr.ca\/fr\/wp-json\/wp\/v2\/posts\/2964\/revisions\/3035"}],"wp:attachment":[{"href":"https:\/\/crrf-fcrr.ca\/fr\/wp-json\/wp\/v2\/media?parent=2964"}],"wp:term":[{"taxonomy":"category","embeddable":true,"href":"https:\/\/crrf-fcrr.ca\/fr\/wp-json\/wp\/v2\/categories?post=2964"},{"taxonomy":"post_tag","embeddable":true,"href":"https:\/\/crrf-fcrr.ca\/fr\/wp-json\/wp\/v2\/tags?post=2964"}],"curies":[{"name":"wp","href":"https:\/\/api.w.org\/{rel}","templated":true}]}}