{"id":6602,"date":"2023-06-30T13:26:49","date_gmt":"2023-06-30T17:26:49","guid":{"rendered":"https:\/\/crrf-fcrr.ca\/?p=6602"},"modified":"2023-06-30T14:06:58","modified_gmt":"2023-06-30T18:06:58","slug":"nouveau-peril-jaune-100-ans-depuis-loi-exclusion-chinois","status":"publish","type":"post","link":"https:\/\/crrf-fcrr.ca\/fr\/2023\/06\/nouveau-peril-jaune-100-ans-depuis-loi-exclusion-chinois\/","title":{"rendered":"Le nouveau p\u00e9ril jaune\u00a0: 100 ans depuis la loi sur l\u2019exclusion des Chinois"},"content":{"rendered":"\n<div class=\"wp-block-columns pattern-two-column is-layout-flex wp-container-core-columns-is-layout-9d6595d7 wp-block-columns-is-layout-flex\">\n<div class=\"wp-block-column pattern-two-column__title is-layout-flow wp-block-column-is-layout-flow\">\n<h2 class=\"wp-block-heading\"><\/h2>\n<\/div>\n\n\n\n<div class=\"wp-block-column pattern-two-column__content is-layout-flow wp-block-column-is-layout-flow\">\n<p>Alors que nous soulignons le 100<sup>e<\/sup> anniversaire de la <a href=\"https:\/\/parcs.canada.ca\/culture\/designation\/evenement-event\/exclusion-chinois-chinese\" target=\"_blank\" rel=\"noreferrer noopener\">loi sur l\u2019exclusion des Chinois<\/a>, nous devons reconna\u00eetre qu\u2019une peur et anxi\u00e9t\u00e9 sous-jacentes continuent de permettre aux identit\u00e9s ethnoculturelles d\u2019\u00eatre per\u00e7ues comme des menaces \u00e0 la s\u00e9curit\u00e9 nationale.<\/p>\n\n\n\n<p>La Loi \u00e9tait une pi\u00e8ce de l\u00e9gislation raciste et antichinoise qui a renforc\u00e9 des lois existantes telles que la Loi de l\u2019immigration chinoise de 1885, qui incluait une vari\u00e9t\u00e9 de \u00ab&nbsp;taxes sur t\u00eate&nbsp;\u00bb et autres mesures pour d\u00e9courager l\u2019immigration provenant de Chine. Elle interdisait aux conjoints et aux enfants immigrants de se joindre \u00e0 la population chinoise principalement masculine au Canada et obligeait toute personne chinoise vivant au Canada, m\u00eame celles n\u00e9es ici, \u00e0 s\u2019enregistrer aupr\u00e8s du gouvernement et poss\u00e9der des certificats, avec photo d\u2019identification, sous peine d\u2019amendes, de d\u00e9tention ou de d\u00e9portation.<\/p>\n\n\n\n<p>Les soci\u00e9t\u00e9s ont souvent tendance \u00e0 se diviser en camps de \u00ab&nbsp;nous \u00bb contre \u00ab&nbsp;eux&nbsp;\u00bb en p\u00e9riode de menace ou d&rsquo;opportunit\u00e9. Malgr\u00e9 notre travail collectif continu en vue de la r\u00e9paration, de la r\u00e9conciliation et de la construction dans un esprit d&rsquo;\u00e9quit\u00e9, le Canada ne fait pas exception. Nous l&rsquo;avons fait aux Canadiens d&rsquo;origine chinoise il y a 100 ans, nous l&rsquo;avons fait aux Canadiens d&rsquo;origine japonaise pendant la Seconde Guerre mondiale, nous l&rsquo;avons fait aux musulmans apr\u00e8s le 11 septembre et nous avons continu\u00e9 \u00e0 r\u00e9p\u00e9ter ce sch\u00e9ma tragique et inutile avec d\u2019autres groupes.<\/p>\n\n\n\n<p>Cent ans apr\u00e8s l&rsquo;adoption de la loi d&rsquo;exclusion des Chinois, nous sommes pr\u00e9sentement dans une nouvelle vague de racisme anti-asiatique. Chaque jour, dans les m\u00e9dias, nous entendons parler d&rsquo;interf\u00e9rences chinoises, de manipulations \u00e9lectorales, de vol de propri\u00e9t\u00e9 intellectuelle, de liens pr\u00e9sum\u00e9s entre la recherche universitaire et les op\u00e9rations militaires et bien d&rsquo;autres encore.<\/p>\n\n\n\n<p>Certaines de ces all\u00e9gations peuvent n\u00e9cessiter une enqu\u00eate et \u00eatre adress\u00e9es. Cependant, les dommages collat\u00e9raux r\u00e9sultant de l&rsquo;application de politiques publiques en r\u00e9ponse \u00e0 la peur p\u00e8sent bien trop souvent sur les communaut\u00e9s racialis\u00e9es. Apr\u00e8s le 11 septembre, les musulmans ont \u00e9t\u00e9 per\u00e7us comme un ennemi collectif l\u00e9gitime. Des politiques telles que la liste des personnes interdites de vol, le projet de loi C-51, ainsi que des id\u00e9es telles que l&rsquo;interdiction de la loi islamique et des pr\u00e9tendues \u00ab&nbsp;pratiques culturelles barbares&nbsp;\u00bb ont toutes eu des r\u00e9percussions racistes sur des personnes innocentes, renfor\u00e7ant une culture de m\u00e9fiance et de suspicion mutuelle.<\/p>\n\n\n\n<p>Je constate une tendance pr\u00e9occupante, dans ce qui est arriv\u00e9 aux musulmans il y a deux d\u00e9cennies et \u00e0 de nombreuses autres communaut\u00e9s avant cela, qui se r\u00e9p\u00e8te aujourd&rsquo;hui avec les Canadiens d&rsquo;origine chinoise. La peur d&rsquo;une ing\u00e9rence \u00e9trang\u00e8re alimente les appels \u00e0 un registre. La crainte de la militarisation de la recherche a conduit \u00e0 l&rsquo;interdiction des partenariats acad\u00e9miques, m\u00eame dans le cadre de bourses conjointes \u00e0 des fins commerciales ou environnementales. Les accusations de manipulation des \u00e9lections poussent les politiciens \u00e0 prendre leurs distances les uns avec les autres.<\/p>\n\n\n\n<p>La peur nous fait descendre sur une pente tr\u00e8s glissante.<\/p>\n\n\n\n<p>J&rsquo;ai r\u00e9cemment entendu parler d&rsquo;une jeune femme qui s\u2019\u00e9tait fait terroriser par des agents frontaliers qui lui posaient des questions sur le fait qu&rsquo;elle pourrait \u00eatre une espionne du gouvernement chinois. J&rsquo;ai \u00e9galement entendu parler d&rsquo;un professeur titulaire qui effectue des recherches importantes, dont le nom a \u00e9t\u00e9 retir\u00e9 des demandes de financement, parce que son \u00e9quipe ne voulait pas attirer l\u2019attention. Les communaut\u00e9s qui portent le fardeau d\u2019\u00eatre une minorit\u00e9 r\u00e9agissent souvent en se taisant et en se retirant. Ne pas en parler. Faire avec. Ne pas causer de probl\u00e8mes.<\/p>\n\n\n\n<p>Au-del\u00e0 de cela, il y a un silence assourdissant, car m\u00eame ceux qui souhaitent s&rsquo;exprimer et se dissocier des actions du gouvernement chinois peuvent avoir des membres de leur famille ou des partenaires d\u2019affaires l\u00e0-bas et ils pourraient les mettre en danger. Pour certains, la Chine n&rsquo;est pas un vilain diabolis\u00e9. C&rsquo;est, ou c&rsquo;\u00e9tait, leur foyer, et c&rsquo;est l\u00e0 o\u00f9 se trouve leur famille. Ce n&rsquo;est pas un enjeu unidimensionnel.<\/p>\n\n\n\n<p>La Fondation Canadienne des relations raciale a \u00e9t\u00e9 cr\u00e9\u00e9e au lendemain d\u2019atrocit\u00e9s racistes commises par le gouvernement canadien, lorsque les Canadiens d\u2019origine japonaise ont \u00e9t\u00e9 expuls\u00e9s de leur maison, incarc\u00e9r\u00e9s dans des camps et expuls\u00e9s du Canada durant et apr\u00e8s la Seconde Guerre mondiale. Notre engagement est de combattre le racisme au Canada et renforcer le tissu social de notre soci\u00e9t\u00e9 pour emp\u00eacher que d\u2019autres terribles histoires se r\u00e9p\u00e8tent.<\/p>\n\n\n\n<p>Mais la direction que nous prenons en tant que pays aujourd&rsquo;hui est tr\u00e8s pr\u00e9occupante. \u00c0 maintes reprises, nous avons appris ce qu\u2019il en co\u00fbte de permettre aux menaces r\u00e9elles et per\u00e7ues pour la s\u00e9curit\u00e9 nationale de compromettre les libert\u00e9s civiles et de semer la division. Nous avons agi par peur et pris des mesures inacceptables et inutiles contre les n\u00f4tres.<\/p>\n\n\n\n<p>Nous avons eu au moins 100 ans depuis la loi sur l\u2019exclusion des Chinois pour apprendre comment faire mieux. Nous ne pouvons nous permettre de reculer maintenant.<\/p>\n\n\n\n<p>&#8212;<strong>Mohammed Hashim, Directeur g\u00e9n\u00e9ral, Fondation canadienne des relations raciales<\/strong><br><br><\/p>\n\n\n\n<hr class=\"wp-block-separator has-alpha-channel-opacity\"\/>\n\n\n\n<p><br><em>La FCRR est fi\u00e8re de soutenir d\u2019importants projets men\u00e9s par des partenaires communautaires chinois et asiatiques canadiens, d\u2019un oc\u00e9an \u00e0 l\u2019autre, gr\u00e2ce au Fonds national de lutte contre le racisme, incluant :<\/em><\/p>\n\n\n\n<ul class=\"wp-block-list\">\n<li><a rel=\"noreferrer noopener\" href=\"https:\/\/www.ahsnb.org\/\" target=\"_blank\"><em><strong>Asian Heritage Society of New Brunswick<\/strong><\/em><\/a><\/li>\n\n\n\n<li><a rel=\"noreferrer noopener\" href=\"https:\/\/vaff.org\/\" target=\"_blank\"><strong><em>Vancouver Asian Film Festival Society<\/em><\/strong><\/a><\/li>\n\n\n\n<li><a rel=\"noreferrer noopener\" href=\"https:\/\/www.ccmms.ca\/\" target=\"_blank\"><strong><em>The Chinese Canadian Military Museum<\/em><\/strong><\/a><\/li>\n\n\n\n<li><a rel=\"noreferrer noopener\" href=\"https:\/\/www.ctcyeg.com\/\" target=\"_blank\"><strong><em>Centre Chinatown Transformation Collaborative Society<\/em><\/strong><\/a><\/li>\n<\/ul>\n\n\n\n<p><em>Pour en savoir plus sur notre travail ou vous tenir au courant de nos nouvelles initiatives, abonnez-vous \u00e0 <strong>l\u2019<a rel=\"noreferrer noopener\" href=\"https:\/\/crrf-fcrr.us3.list-manage.com\/subscribe?u=6b405dbf9952e5a74b1f72fa9&amp;id=95a0df167a\" target=\"_blank\">infolettre mensuelle sur le racisme anti-asiatique<\/a><\/strong> et \u00e0 <strong>l\u2019<a rel=\"noreferrer noopener\" href=\"https:\/\/us3.list-manage.com\/subscribe?u=6b405dbf9952e5a74b1f72fa9&amp;id=ec18a9c10a\" target=\"_blank\">infolettre de la FCRR<\/a><\/strong>. Vous pouvez nous suivre sur <a rel=\"noreferrer noopener\" href=\"https:\/\/twitter.com\/CRRF\" target=\"_blank\"><strong>Twitter<\/strong><\/a>, <a rel=\"noreferrer noopener\" href=\"https:\/\/linkedin.com\/company\/crrf-fcrr\" target=\"_blank\"><strong>LinkedIn<\/strong><\/a>, <a rel=\"noreferrer noopener\" href=\"https:\/\/www.instagram.com\/crrf_fcrr\/?hl=en\" target=\"_blank\"><strong>Instagram<\/strong> <\/a>et <a rel=\"noreferrer noopener\" href=\"https:\/\/www.facebook.com\/FCRRCRRF\" target=\"_blank\"><strong>Facebook<\/strong><\/a> pour les plus r\u00e9centes mises \u00e0 jour.<\/em><\/p>\n<\/div>\n<\/div>\n","protected":false},"excerpt":{"rendered":"<p>Alors que nous soulignons le 100e anniversaire de la loi sur l\u2019exclusion des Chinois, nous devons reconna\u00eetre qu\u2019une peur et anxi\u00e9t\u00e9 sous-jacentes continuent de permettre aux identit\u00e9s ethnoculturelles d\u2019\u00eatre per\u00e7ues comme des menaces \u00e0 la s\u00e9curit\u00e9 nationale. La Loi \u00e9tait une pi\u00e8ce de l\u00e9gislation raciste et antichinoise qui a renforc\u00e9 des lois existantes telles que [&hellip;]<\/p>\n","protected":false},"author":5,"featured_media":6594,"comment_status":"closed","ping_status":"closed","sticky":false,"template":"","format":"standard","meta":{"_acf_changed":false,"footnotes":""},"categories":[35],"tags":[],"class_list":["post-6602","post","type-post","status-publish","format-standard","has-post-thumbnail","hentry","category-declarations"],"acf":[],"_links":{"self":[{"href":"https:\/\/crrf-fcrr.ca\/fr\/wp-json\/wp\/v2\/posts\/6602","targetHints":{"allow":["GET"]}}],"collection":[{"href":"https:\/\/crrf-fcrr.ca\/fr\/wp-json\/wp\/v2\/posts"}],"about":[{"href":"https:\/\/crrf-fcrr.ca\/fr\/wp-json\/wp\/v2\/types\/post"}],"author":[{"embeddable":true,"href":"https:\/\/crrf-fcrr.ca\/fr\/wp-json\/wp\/v2\/users\/5"}],"replies":[{"embeddable":true,"href":"https:\/\/crrf-fcrr.ca\/fr\/wp-json\/wp\/v2\/comments?post=6602"}],"version-history":[{"count":5,"href":"https:\/\/crrf-fcrr.ca\/fr\/wp-json\/wp\/v2\/posts\/6602\/revisions"}],"predecessor-version":[{"id":6632,"href":"https:\/\/crrf-fcrr.ca\/fr\/wp-json\/wp\/v2\/posts\/6602\/revisions\/6632"}],"wp:featuredmedia":[{"embeddable":true,"href":"https:\/\/crrf-fcrr.ca\/fr\/wp-json\/wp\/v2\/media\/6594"}],"wp:attachment":[{"href":"https:\/\/crrf-fcrr.ca\/fr\/wp-json\/wp\/v2\/media?parent=6602"}],"wp:term":[{"taxonomy":"category","embeddable":true,"href":"https:\/\/crrf-fcrr.ca\/fr\/wp-json\/wp\/v2\/categories?post=6602"},{"taxonomy":"post_tag","embeddable":true,"href":"https:\/\/crrf-fcrr.ca\/fr\/wp-json\/wp\/v2\/tags?post=6602"}],"curies":[{"name":"wp","href":"https:\/\/api.w.org\/{rel}","templated":true}]}}