{"id":7539,"date":"2023-09-15T08:00:00","date_gmt":"2023-09-15T12:00:00","guid":{"rendered":"https:\/\/crrf-fcrr.ca\/?p=7539"},"modified":"2023-10-06T14:38:05","modified_gmt":"2023-10-06T18:38:05","slug":"fonds-national-lutte-contre-racisme-ouvert-demandes-financement","status":"publish","type":"post","link":"https:\/\/crrf-fcrr.ca\/fr\/2023\/09\/fonds-national-lutte-contre-racisme-ouvert-demandes-financement\/","title":{"rendered":"Le Fonds national de lutte contre le racisme de la FCRR est d\u00e9sormais ouvert aux nouvelles demandes de financement"},"content":{"rendered":"\n<div class=\"wp-block-columns pattern-two-column is-layout-flex wp-container-core-columns-is-layout-9d6595d7 wp-block-columns-is-layout-flex\">\n<div class=\"wp-block-column pattern-two-column__title is-layout-flow wp-block-column-is-layout-flow\">\n<h2 class=\"wp-block-heading\"><\/h2>\n<\/div>\n\n\n\n<div class=\"wp-block-column pattern-two-column__content is-layout-flow wp-block-column-is-layout-flow\">\n<p><a href=\"https:\/\/crrf-fcrr.ca\/fr\/bourses-actuelles\/\">Le Fonds national de lutte contre le racisme (FNLCR)<\/a> de la Fondation canadienne des relations raciales (FCRR) lance un nouvel appel de demandes de financement aux organisations de tout le Canada qui pr\u00e9voient des \u00e9v\u00e9nements antiracistes et des initiatives pour les jeunes en 2024.&nbsp;<\/p>\n\n\n\n<p>Le FNLCR appuie les \u00e9v\u00e9nements et les initiatives jeunesse qui sont des occasions publiques, sociales ou d&rsquo;apprentissage visant \u00e0 r\u00e9duire le racisme syst\u00e9mique, \u00e0 promouvoir et \u00e0 accro\u00eetre la disponibilit\u00e9 et l&rsquo;accessibilit\u00e9 aux donn\u00e9es, aux preuves et aux perspectives communautaires sur les relations raciales au Canada, \u00e0 \u00e9clairer les politiques publiques et \u00e0 cr\u00e9er un dialogue interculturel, une sensibilisation et une collaboration en mati\u00e8re de race et de religion.<\/p>\n\n\n\n<p>\u00ab Au cours des deux derni\u00e8res ann\u00e9es, gr\u00e2ce au Fonds national de lutte contre le racisme de la FCRR, nous avons eu le privil\u00e8ge de nous associer \u00e0 des organismes qui mettent en place des solutions locales pour lutter contre le racisme dans les communaut\u00e9s de l&rsquo;ensemble du pays. Les communaut\u00e9s sont \u00e0 l&rsquo;origine de changements importants et novateurs. Notre partenariat dans le cadre du fonds nous a permis de grandir, d&rsquo;\u00e9tablir des liens et d&rsquo;apprendre les uns des autres, alors que nous cherchons \u00e0 fa\u00e7onner des solutions de politique publique dans tout le pays \u00bb, a d\u00e9clar\u00e9 Mohammed Hashim, directeur ex\u00e9cutif de la CRRF. \u00ab Nous sommes reconnaissants au gouvernement du Canada pour son soutien et \u00e0 tous ceux qui ont travaill\u00e9 \u00e0 nos c\u00f4t\u00e9s au cours de ce voyage. Nous sommes impatients d&rsquo;accueillir une nouvelle cohorte de b\u00e9n\u00e9ficiaires pour poursuivre ce travail si n\u00e9cessaire \u00bb.<\/p>\n\n\n\n<p>Les demandes de financement pour des \u00e9v\u00e9nements ou des initiatives de jeunes qui auront lieu entre la mi-janvier et mars 2024 doivent \u00eatre soumises au plus tard \u00e0 23 h 59 (HNE) le <strong>15 novembre 2023<\/strong>. Les demandes de financement pour des \u00e9v\u00e9nements ou des initiatives de jeunes qui auront lieu entre avril et juillet 2024 doivent \u00eatre soumises au plus tard \u00e0 23 h 59 (EST) le <strong>15 janvier 2024<\/strong>.<\/p>\n\n\n\n<p>Si vous avez des questions sp\u00e9cifiques sur le Fonds national de lutte contre le racisme, veuillez envoyer un courriel \u00e0 : <a href=\"mailto:bourses@crrf-fcrr.ca\">bourses@crrf-fcrr.ca<\/a> ou lisez notre <a href=\"https:\/\/crrf-fcrr.ca\/wp-content\/uploads\/2023\/09\/CM_NARF-FAQ-Revisions_FR.pdf\">Foire aux questions (FAQ)<\/a>. <\/p>\n\n\n\n<p><strong>\u00c0 propos de la FCRR :<\/strong><\/p>\n\n\n\n<p>La Fondation canadienne des relations raciales est une soci\u00e9t\u00e9 d&rsquo;\u00c9tat engag\u00e9e dans la lutte contre le racisme au Canada. Nous travaillons \u00e0 renforcer le tissu social de notre soci\u00e9t\u00e9 en soutenant, en habilitant et en rassemblant les groupes et les organismes communautaires par le biais de nos subventions, de nos services et de notre r\u00e9seau de partenaires publics, de recherche et communautaires.<\/p>\n<\/div>\n<\/div>\n","protected":false},"excerpt":{"rendered":"<p>Le Fonds national de lutte contre le racisme (FNLCR) de la Fondation canadienne des relations raciales (FCRR) lance un nouvel appel de demandes de financement aux organisations de tout le Canada qui pr\u00e9voient des \u00e9v\u00e9nements antiracistes et des initiatives pour les jeunes en 2024.&nbsp; Le FNLCR appuie les \u00e9v\u00e9nements et les initiatives jeunesse qui sont [&hellip;]<\/p>\n","protected":false},"author":5,"featured_media":7368,"comment_status":"closed","ping_status":"closed","sticky":false,"template":"","format":"standard","meta":{"_acf_changed":false,"footnotes":""},"categories":[2],"tags":[],"class_list":["post-7539","post","type-post","status-publish","format-standard","has-post-thumbnail","hentry","category-annonces"],"acf":[],"_links":{"self":[{"href":"https:\/\/crrf-fcrr.ca\/fr\/wp-json\/wp\/v2\/posts\/7539","targetHints":{"allow":["GET"]}}],"collection":[{"href":"https:\/\/crrf-fcrr.ca\/fr\/wp-json\/wp\/v2\/posts"}],"about":[{"href":"https:\/\/crrf-fcrr.ca\/fr\/wp-json\/wp\/v2\/types\/post"}],"author":[{"embeddable":true,"href":"https:\/\/crrf-fcrr.ca\/fr\/wp-json\/wp\/v2\/users\/5"}],"replies":[{"embeddable":true,"href":"https:\/\/crrf-fcrr.ca\/fr\/wp-json\/wp\/v2\/comments?post=7539"}],"version-history":[{"count":4,"href":"https:\/\/crrf-fcrr.ca\/fr\/wp-json\/wp\/v2\/posts\/7539\/revisions"}],"predecessor-version":[{"id":7698,"href":"https:\/\/crrf-fcrr.ca\/fr\/wp-json\/wp\/v2\/posts\/7539\/revisions\/7698"}],"wp:featuredmedia":[{"embeddable":true,"href":"https:\/\/crrf-fcrr.ca\/fr\/wp-json\/wp\/v2\/media\/7368"}],"wp:attachment":[{"href":"https:\/\/crrf-fcrr.ca\/fr\/wp-json\/wp\/v2\/media?parent=7539"}],"wp:term":[{"taxonomy":"category","embeddable":true,"href":"https:\/\/crrf-fcrr.ca\/fr\/wp-json\/wp\/v2\/categories?post=7539"},{"taxonomy":"post_tag","embeddable":true,"href":"https:\/\/crrf-fcrr.ca\/fr\/wp-json\/wp\/v2\/tags?post=7539"}],"curies":[{"name":"wp","href":"https:\/\/api.w.org\/{rel}","templated":true}]}}